{"id":17179,"date":"2020-08-03T12:20:22","date_gmt":"2020-08-03T15:20:22","guid":{"rendered":"https:\/\/blogs.correiobraziliense.com.br\/servidor\/?p=17179"},"modified":"2020-08-03T12:20:22","modified_gmt":"2020-08-03T15:20:22","slug":"receita-federal-lanca-atendimento-no-telegram-sobre-cpf","status":"publish","type":"post","link":"https:\/\/blogs.correiobraziliense.com.br\/servidor\/receita-federal-lanca-atendimento-no-telegram-sobre-cpf\/","title":{"rendered":"Receita Federal lan\u00e7a atendimento no Telegram sobre CPF"},"content":{"rendered":"<p><em><strong>Ferramenta usa tecnologia de chatbot que simula uma conversa\u00e7\u00e3o por meio de chat, para evitar idas \u00e0s ag\u00eancias e aglomera\u00e7\u00f5es<\/strong><\/em><\/p>\n<p>O servi\u00e7o de atendimento sobre qualquer assunto relacionado ao Cadastro de Pessoa F\u00edsica (CPF) foi inaugurado hoje (3\/8) pela A Receita Federal. O objetivo, de acordo com o \u00f3rg\u00e3o, \u00e9 evitar aglomera\u00e7\u00e3o, para evitar contamina\u00e7\u00e3o pelo coronav\u00edrus, e dar maior agilidade ao cidad\u00e3o, oferecendo um servi\u00e7o de excel\u00eancia, sem a necessidade de interagir com um servidor da Receita Federal.<\/p>\n<p>&#8220;Para solicitar o servi\u00e7o, o contribuinte dever\u00e1 acessar o canal ReceitaFederalOficial, interagir com a ferramenta, enviando todas as informa\u00e7\u00f5es e documentos m\u00ednimos exigidos para que a Receita Federal fa\u00e7a a an\u00e1lise da solicita\u00e7\u00e3o e conclua o atendimento&#8221;, destaca o Fisco.<\/p>\n<p>Est\u00e3o dispon\u00edveis no novo canal servi\u00e7os como:<\/p>\n<p>-Atualiza\u00e7\u00e3o\/altera\u00e7\u00e3o de dados e Regulariza\u00e7\u00e3o de CPF;<br \/>\n-Segunda via de CPF;<br \/>\n-Informa\u00e7\u00e3o do n\u00famero do CPF;<br \/>\n-Consulta \u00e0 situa\u00e7\u00e3o cadastral; e<br \/>\n-Consulta aus\u00eancia de DIRPF (exerc\u00edcio omisso).<\/p>\n","protected":false},"excerpt":{"rendered":"<p>Ferramenta usa tecnologia de chatbot que simula uma conversa\u00e7\u00e3o por meio de chat, para evitar idas \u00e0s ag\u00eancias e aglomera\u00e7\u00f5es O servi\u00e7o de atendimento sobre qualquer assunto relacionado ao Cadastro de Pessoa F\u00edsica (CPF) foi inaugurado hoje (3\/8) pela A Receita Federal. O objetivo, de acordo com o \u00f3rg\u00e3o, \u00e9 evitar aglomera\u00e7\u00e3o, para evitar contamina\u00e7\u00e3o pelo coronav\u00edrus, e dar maior [&hellip;]<\/p>\n","protected":false},"author":27,"featured_media":0,"comment_status":"open","ping_status":"closed","sticky":false,"template":"","format":"standard","meta":{"footnotes":""},"categories":[2719],"tags":[879,17354,17496,16896,144,294,8007],"class_list":["post-17179","post","type-post","status-publish","format-standard","hentry","category-servidor","tag-agencias","tag-aglomeracoes","tag-chat","tag-coronavirus","tag-cpf","tag-receita-federal","tag-telegram"],"_links":{"self":[{"href":"https:\/\/blogs.correiobraziliense.com.br\/servidor\/wp-json\/wp\/v2\/posts\/17179","targetHints":{"allow":["GET"]}}],"collection":[{"href":"https:\/\/blogs.correiobraziliense.com.br\/servidor\/wp-json\/wp\/v2\/posts"}],"about":[{"href":"https:\/\/blogs.correiobraziliense.com.br\/servidor\/wp-json\/wp\/v2\/types\/post"}],"author":[{"embeddable":true,"href":"https:\/\/blogs.correiobraziliense.com.br\/servidor\/wp-json\/wp\/v2\/users\/27"}],"replies":[{"embeddable":true,"href":"https:\/\/blogs.correiobraziliense.com.br\/servidor\/wp-json\/wp\/v2\/comments?post=17179"}],"version-history":[{"count":1,"href":"https:\/\/blogs.correiobraziliense.com.br\/servidor\/wp-json\/wp\/v2\/posts\/17179\/revisions"}],"predecessor-version":[{"id":17180,"href":"https:\/\/blogs.correiobraziliense.com.br\/servidor\/wp-json\/wp\/v2\/posts\/17179\/revisions\/17180"}],"wp:attachment":[{"href":"https:\/\/blogs.correiobraziliense.com.br\/servidor\/wp-json\/wp\/v2\/media?parent=17179"}],"wp:term":[{"taxonomy":"category","embeddable":true,"href":"https:\/\/blogs.correiobraziliense.com.br\/servidor\/wp-json\/wp\/v2\/categories?post=17179"},{"taxonomy":"post_tag","embeddable":true,"href":"https:\/\/blogs.correiobraziliense.com.br\/servidor\/wp-json\/wp\/v2\/tags?post=17179"}],"curies":[{"name":"wp","href":"https:\/\/api.w.org\/{rel}","templated":true}]}}