{"id":17176,"date":"2020-08-03T11:49:11","date_gmt":"2020-08-03T14:49:11","guid":{"rendered":"https:\/\/blogs.correiobraziliense.com.br\/servidor\/?p=17176"},"modified":"2020-08-03T11:49:11","modified_gmt":"2020-08-03T14:49:11","slug":"reforma-administrativa-perspectivas-do-servico-publico-e-da-estabilidade-dos-servidores","status":"publish","type":"post","link":"https:\/\/blogs.correiobraziliense.com.br\/servidor\/reforma-administrativa-perspectivas-do-servico-publico-e-da-estabilidade-dos-servidores\/","title":{"rendered":"Reforma administrativa. Perspectivas do servi\u00e7o p\u00fablico e da estabilidade dos servidores"},"content":{"rendered":"<p><em><strong>A partir das 17 horas, o Sintrajuf-PE transmite mais uma live em sua p\u00e1gina no Facebook (www.facebook.com\/sintrajufpe). O tema desta vez \u00e9 \u201cReforma administrativa. Perspectivas do servi\u00e7o p\u00fablico e da estabilidade dos servidores\u201d<\/strong><\/em><\/p>\n<p><img loading=\"lazy\" decoding=\"async\" class=\"alignright size-large wp-image-17177\" src=\"https:\/\/blogs.correiobraziliense.com.br\/servidor\/wp-content\/uploads\/sites\/10\/2020\/08\/REFORMA-ADMINISTRATIVA-SINTRAJUF-1024x1024.jpg\" alt=\"\" width=\"1024\" height=\"1024\" \/><\/p>\n<p>Para debater o assunto, foi convidado o assessor parlamentar, consultor de entidades sindicais, s\u00f3cio-diretor da Insight Solu\u00e7\u00f5es e servidor p\u00fablico federal aposentado Vladimir Nepomuceno.<\/p>\n<p>Para debater as consequ\u00eancias da reforma administrativa, o presidente do Sintrajuf-PE e servidor do TRE-PE, Manoel G\u00e9rson e o Diretor de Forma\u00e7\u00e3o do Sindicato e servidor da 1\u00aa Vara do Trabalho\/Recife, Juvando Carmo de Oliveira. O debate ter\u00e1 media\u00e7\u00e3o do jornalista Ed Ruas.<\/p>\n<p>Agenda:<br \/>\n03\/08 \u2013 17h<br \/>\nTransmiss\u00e3o ao vivo: www.facebook.com\/sintrajufpe<\/p>\n","protected":false},"excerpt":{"rendered":"<p>A partir das 17 horas, o Sintrajuf-PE transmite mais uma live em sua p\u00e1gina no Facebook (www.facebook.com\/sintrajufpe). O tema desta vez \u00e9 \u201cReforma administrativa. Perspectivas do servi\u00e7o p\u00fablico e da estabilidade dos servidores\u201d Para debater o assunto, foi convidado o assessor parlamentar, consultor de entidades sindicais, s\u00f3cio-diretor da Insight Solu\u00e7\u00f5es e servidor p\u00fablico federal aposentado Vladimir Nepomuceno. Para debater as [&hellip;]<\/p>\n","protected":false},"author":27,"featured_media":0,"comment_status":"open","ping_status":"closed","sticky":false,"template":"","format":"standard","meta":{"footnotes":""},"categories":[2719],"tags":[847,620,2888,241,15938,212,58],"class_list":["post-17176","post","type-post","status-publish","format-standard","hentry","category-servidor","tag-debate","tag-estabilidade","tag-facebook","tag-publico","tag-reforma-administrativa","tag-servico","tag-servidores"],"_links":{"self":[{"href":"https:\/\/blogs.correiobraziliense.com.br\/servidor\/wp-json\/wp\/v2\/posts\/17176","targetHints":{"allow":["GET"]}}],"collection":[{"href":"https:\/\/blogs.correiobraziliense.com.br\/servidor\/wp-json\/wp\/v2\/posts"}],"about":[{"href":"https:\/\/blogs.correiobraziliense.com.br\/servidor\/wp-json\/wp\/v2\/types\/post"}],"author":[{"embeddable":true,"href":"https:\/\/blogs.correiobraziliense.com.br\/servidor\/wp-json\/wp\/v2\/users\/27"}],"replies":[{"embeddable":true,"href":"https:\/\/blogs.correiobraziliense.com.br\/servidor\/wp-json\/wp\/v2\/comments?post=17176"}],"version-history":[{"count":1,"href":"https:\/\/blogs.correiobraziliense.com.br\/servidor\/wp-json\/wp\/v2\/posts\/17176\/revisions"}],"predecessor-version":[{"id":17178,"href":"https:\/\/blogs.correiobraziliense.com.br\/servidor\/wp-json\/wp\/v2\/posts\/17176\/revisions\/17178"}],"wp:attachment":[{"href":"https:\/\/blogs.correiobraziliense.com.br\/servidor\/wp-json\/wp\/v2\/media?parent=17176"}],"wp:term":[{"taxonomy":"category","embeddable":true,"href":"https:\/\/blogs.correiobraziliense.com.br\/servidor\/wp-json\/wp\/v2\/categories?post=17176"},{"taxonomy":"post_tag","embeddable":true,"href":"https:\/\/blogs.correiobraziliense.com.br\/servidor\/wp-json\/wp\/v2\/tags?post=17176"}],"curies":[{"name":"wp","href":"https:\/\/api.w.org\/{rel}","templated":true}]}}