{"id":17168,"date":"2020-07-31T12:26:35","date_gmt":"2020-07-31T15:26:35","guid":{"rendered":"https:\/\/blogs.correiobraziliense.com.br\/servidor\/?p=17168"},"modified":"2020-07-31T12:26:35","modified_gmt":"2020-07-31T15:26:35","slug":"contratacao-de-350-temporarios-para-a-transformacao-digital-e-inconstitucional","status":"publish","type":"post","link":"https:\/\/blogs.correiobraziliense.com.br\/servidor\/contratacao-de-350-temporarios-para-a-transformacao-digital-e-inconstitucional\/","title":{"rendered":"Contrata\u00e7\u00e3o de 350 tempor\u00e1rios para a transforma\u00e7\u00e3o digital \u00e9 inconstitucional"},"content":{"rendered":"<p><em><strong>A Associa\u00e7\u00e3o Nacional dos Analistas em Tecnologia da Informa\u00e7\u00e3o (Anati) denuncia que a contrata\u00e7\u00e3o, pelo Minist\u00e9rio da Economia, de tempor\u00e1rios para as fun\u00e7\u00f5es dos analistas em tecnologia da informa\u00e7\u00e3o (ATI) pode prejudicar nos resultados da transforma\u00e7\u00e3o digital dos servi\u00e7os p\u00fablicos. A entidade defende concurso p\u00fablico<\/strong><\/em><\/p>\n<p>O ato foi autorizado em julho por meio de portaria publicada no Di\u00e1rio Oficial da Uni\u00e3o (DOU), assinada pelo secret\u00e1rio de Desburocratiza\u00e7\u00e3o, Gest\u00e3o e Governo Digital do Minist\u00e9rio da Economia, Paulo Uebel. A estrat\u00e9gia do governo federal em contratar servidores tempor\u00e1rios preocupa os servidores da \u00e1rea. O\u00a0plano n\u00e3o ser\u00e1 eficiente e vai contra as melhores pr\u00e1ticas de gest\u00e3o Tecnologias de Informa\u00e7\u00e3o e Comunica\u00e7\u00e3o (TIC) no mundo e manifesta\u00e7\u00f5es do Tribunal de Contas da Uni\u00e3o(TCU), de acordo com o presidente da Associa\u00e7\u00e3o Nacional dos Analistas em Tecnologia da Informa\u00e7\u00e3o (Anati) Thiago de Aquino Lima.<\/p>\n<p>A Anati\u00a0entrou com uma representa\u00e7\u00e3o para garantir que, ao inv\u00e9s da contrata\u00e7\u00e3o de tempor\u00e1rios, seja feito concurso p\u00fablico para o cargo de ATI do quadro de servidores de n\u00edvel superior do Minist\u00e9rio da Economia. No documento, s\u00e3o relatados os problemas e a &#8220;forma err\u00f4nea de como o governo pretende resolver a falta de recursos humanos especializados para a transforma\u00e7\u00e3o digital e demandas TIC&#8221;.<\/p>\n<p>&#8220;Esse cen\u00e1rio foi ainda mais agravado com o fato da pandemia do Covid-19. Pois bem, o calcanhar de Aquiles \u00e9 nos recursos humanos para conseguir as metas, que s\u00e3o ousadas e os recursos humanos s\u00e3o escassos. Mas vontade, nem sempre vira realidade\u201d afirmou o presidente da Anati. Ele diz que, em meio \u00e0 crise sanit\u00e1ria e\u00a0com certeza p\u00f3s pandemia, profissionais da Tecnologia da Informa\u00e7\u00e3o.<\/p>\n<p>&#8220;Os ATI tem papel fundamental para a consolida\u00e7\u00e3o da pol\u00edtica de gest\u00e3o e governan\u00e7a dos recursos de Tecnologia da Informa\u00e7\u00e3o na Administra\u00e7\u00e3o P\u00fablica Federal. O ATI tamb\u00e9m tem a responsabilidade em manter dados sigilosos e sistemas de Governo precisam de cuidados redobrados. Por exemplo, sistema de cadastro e recebimento do aux\u00edlio emergencial onde o desenvolvimento foi conduzido por ATI&#8221;, informa a Anati.<\/p>\n<p>Outra demanda que surgiu com a pandemia e que tem sido muito discutida muito no governo \u00e9 o teletrabalho. Dar suporte tecnol\u00f3gico aos servidores para que o servi\u00e7o p\u00fablico continue sendo prestado remotamente \u00e9 mais uma atribui\u00e7\u00e3o do ATI. Tudo isso hoje \u00e9 feito por servidores do cargo de ATI com experi\u00eancia e qualifica\u00e7\u00e3o, esclarece a entidade.<\/p>\n<p>A Anati aponta as fragilidades e riscos na contrata\u00e7\u00e3o de tempor\u00e1rios:<br \/>\n\u2022 Contrata\u00e7\u00e3o de profissionais sem experi\u00eancia e mal qualificados, isso considerando que o valor de sal\u00e1rio atual \u00e9 bem inferior ao pago pelo mercado;<br \/>\n\u2022 Elevada curva de aprendizado para esses profissionais, atuar no governo \u00e9 muito diferente de atuar na iniciativa privada. At\u00e9 o profissional saber como atuar e ter efici\u00eancia e efic\u00e1cia no governo \u00e9 pelo menos em m\u00e9dia um ano de aprendizado. Isso posto, ao observado com os pr\u00f3prios ATI quando ingressaram no cargo;<br \/>\n\u2022 Desmotiva\u00e7\u00e3o e elevada evas\u00e3o dos tempor\u00e1rios, sabido que estes possuem \u201cprazo de vencimento\u201d \u00e9 natural que o profissional flerte constantemente com o mercado e com outros concursos em busca de maior garantia ou melhores sal\u00e1rios;<br \/>\n\u2022 Conflitos de interesse, temos que esses profissionais ter\u00e3o acesso a dados e informa\u00e7\u00f5es cr\u00edticas durante perman\u00eancia no governo. O risco de tr\u00e1fico de influ\u00eancia de empresas \u00e9 maios, pois esses sabem que futuramente poder\u00e3o ser contratados por empresas prestadoras de servi\u00e7os no governo.<br \/>\n\u2022 Descontinuidade dos servi\u00e7os j\u00e1 transformados. A transforma\u00e7\u00e3o digital n\u00e3o \u00e9 tempor\u00e1ria. \u00c9 uma atividade constante. Posto que um determinado servi\u00e7o digital surja, esse servi\u00e7o precisa ser monitorado e evolu\u00eddo constantemente. Assim, o tempor\u00e1rio n\u00e3o dar\u00e1 continuidade no ciclo de vida da transforma\u00e7\u00e3o digital e isso resultar\u00e1 em p\u00e9ssimos servi\u00e7os \u00e0 sociedade.<\/p>\n<p><strong>N\u00fameros<\/strong><br \/>\nO ATI \u00e9 respons\u00e1vel por diversas entregas que j\u00e1 est\u00e3o gerando economia aos cofres p\u00fablicos e tamb\u00e9m estimulam desenvolvimento econ\u00f4mico, destaca a Anati. Estudo divulgado na quinta-feira (30) pelo Banco Interamericano de Desenvolvimento (BID) aponta um aumento da efici\u00eancia dos servi\u00e7os com a intensifica\u00e7\u00e3o da digitaliza\u00e7\u00e3o, que pode estimular o crescimento da Am\u00e9rica Latina e Caribe em 5,7% durante um per\u00edodo de 10 anos.<br \/>\nOutro dado recente do Minist\u00e9rio da Economia informa que governo federal economizou R$ 800 milh\u00f5es com servidores em teletrabalho, atividade em que o analista de TI possibilitou a implanta\u00e7\u00e3o durante a pandemia.<\/p>\n","protected":false},"excerpt":{"rendered":"<p>A Associa\u00e7\u00e3o Nacional dos Analistas em Tecnologia da Informa\u00e7\u00e3o (Anati) denuncia que a contrata\u00e7\u00e3o, pelo Minist\u00e9rio da Economia, de tempor\u00e1rios para as fun\u00e7\u00f5es dos analistas em tecnologia da informa\u00e7\u00e3o (ATI) pode prejudicar nos resultados da transforma\u00e7\u00e3o digital dos servi\u00e7os p\u00fablicos. A entidade defende concurso p\u00fablico O ato foi autorizado em julho por meio de portaria publicada no Di\u00e1rio Oficial da [&hellip;]<\/p>\n","protected":false},"author":27,"featured_media":0,"comment_status":"open","ping_status":"closed","sticky":false,"template":"","format":"standard","meta":{"footnotes":""},"categories":[2719],"tags":[18007,14719,18008,300,93,172,87,1769,98,291,14327,309,9447,14379,635,3672,18009,5777],"class_list":["post-17168","post","type-post","status-publish","format-standard","hentry","category-servidor","tag-analista-em-tecnologia-da-informacao","tag-anati","tag-ati","tag-cargo","tag-concurso","tag-contratacao","tag-digital","tag-dou","tag-governo","tag-inconstitucional","tag-ministerio-da-economia","tag-nivel-superior","tag-recursos-humanos","tag-servicos-publicos","tag-tcu","tag-temporarios","tag-tic","tag-transformacao"],"_links":{"self":[{"href":"https:\/\/blogs.correiobraziliense.com.br\/servidor\/wp-json\/wp\/v2\/posts\/17168","targetHints":{"allow":["GET"]}}],"collection":[{"href":"https:\/\/blogs.correiobraziliense.com.br\/servidor\/wp-json\/wp\/v2\/posts"}],"about":[{"href":"https:\/\/blogs.correiobraziliense.com.br\/servidor\/wp-json\/wp\/v2\/types\/post"}],"author":[{"embeddable":true,"href":"https:\/\/blogs.correiobraziliense.com.br\/servidor\/wp-json\/wp\/v2\/users\/27"}],"replies":[{"embeddable":true,"href":"https:\/\/blogs.correiobraziliense.com.br\/servidor\/wp-json\/wp\/v2\/comments?post=17168"}],"version-history":[{"count":1,"href":"https:\/\/blogs.correiobraziliense.com.br\/servidor\/wp-json\/wp\/v2\/posts\/17168\/revisions"}],"predecessor-version":[{"id":17169,"href":"https:\/\/blogs.correiobraziliense.com.br\/servidor\/wp-json\/wp\/v2\/posts\/17168\/revisions\/17169"}],"wp:attachment":[{"href":"https:\/\/blogs.correiobraziliense.com.br\/servidor\/wp-json\/wp\/v2\/media?parent=17168"}],"wp:term":[{"taxonomy":"category","embeddable":true,"href":"https:\/\/blogs.correiobraziliense.com.br\/servidor\/wp-json\/wp\/v2\/categories?post=17168"},{"taxonomy":"post_tag","embeddable":true,"href":"https:\/\/blogs.correiobraziliense.com.br\/servidor\/wp-json\/wp\/v2\/tags?post=17168"}],"curies":[{"name":"wp","href":"https:\/\/api.w.org\/{rel}","templated":true}]}}