{"id":17166,"date":"2020-07-31T11:38:18","date_gmt":"2020-07-31T14:38:18","guid":{"rendered":"https:\/\/blogs.correiobraziliense.com.br\/servidor\/?p=17166"},"modified":"2020-07-31T11:38:18","modified_gmt":"2020-07-31T14:38:18","slug":"receita-federal-adia-retorno-ao-presencial-para-31-de-agosto","status":"publish","type":"post","link":"https:\/\/blogs.correiobraziliense.com.br\/servidor\/receita-federal-adia-retorno-ao-presencial-para-31-de-agosto\/","title":{"rendered":"Receita Federal adia retorno ao presencial para 31 de agosto"},"content":{"rendered":"<p><em><strong>Segundo informa\u00e7\u00f5es do Fisco, est\u00e1 prorrogada at\u00e9 31 de agosto &#8220;a suspens\u00e3o das a\u00e7\u00f5es de cobran\u00e7a&#8221;, sem preju\u00edzo ao contribuinte. Ser\u00e1 mantido o atendimento presencial para os servi\u00e7os essenciais. De acordo com o \u00f3rg\u00e3o, atendimentos presenciais, com agendamento pr\u00e9vio obrigat\u00f3rio, e procedimentos administrativos s\u00e3o afetados pela medida<\/strong><\/em><\/p>\n<p>Por meio de nota, a Receita Federal comunicou a prorroga\u00e7\u00e3o, at\u00e9 31 de agosto, das medidas tempor\u00e1rias em consequ\u00eancia da pandemia do coronav\u00edrus (Covid-19), conforme a Portaria RFB n\u00ba 4.105\/2020, publicada no Di\u00e1rio Oficial da Uni\u00e3o de hoje (31\/7). &#8220;A restri\u00e7\u00e3o tempor\u00e1ria do fluxo de contribuintes nas unidades de atendimento visa \u00e0 prote\u00e7\u00e3o dos contribuintes que procuram os servi\u00e7os, bem como a prote\u00e7\u00e3o dos servidores que ali trabalham&#8221;, justifica.<\/p>\n<p>Com isso, v\u00e1rios procedimentos administrativos permanecem suspensos, como\u00a0emiss\u00e3o eletr\u00f4nica automatizada de aviso de cobran\u00e7a e intima\u00e7\u00e3o para pagamento de tributos;\u00a0notifica\u00e7\u00e3o de lan\u00e7amento da malha fiscal da pessoa f\u00edsica; e\u00a0procedimento de exclus\u00e3o de contribuinte de parcelamento por inadimpl\u00eancia de parcelas;<\/p>\n<p>O prazo para atendimento a intima\u00e7\u00f5es da Malha Fiscal da Pessoa F\u00edsica e apresenta\u00e7\u00e3o de contesta\u00e7\u00e3o a Notifica\u00e7\u00f5es de Lan\u00e7amento, tamb\u00e9m da Malha Fiscal PF, e dos despachos decis\u00f3rios dos Pedidos de Restitui\u00e7\u00e3o, Ressarcimento e Reembolso, e Declara\u00e7\u00f5es de Compensa\u00e7\u00e3o ficam prorrogado at\u00e9 o dia 31 de agosto.<\/p>\n<p>&#8220;A emiss\u00e3o eletr\u00f4nica de despachos decis\u00f3rios com an\u00e1lise de m\u00e9rito em Pedidos de Restitui\u00e7\u00e3o, Ressarcimento e Reembolso, e Declara\u00e7\u00f5es de Compensa\u00e7\u00e3o, que estavam suspensas at\u00e9 a data de hoje, retomam \u00e0 normalidade. Entretanto, o contribuinte n\u00e3o ser\u00e1 prejudicado pois o prazo de impugna\u00e7\u00e3o desses atos est\u00e3o suspensos at\u00e9 o dia 31 de agosto&#8221;, informa a nota.<\/p>\n<p>A norma tamb\u00e9m determina que o atendimento presencial nas unidades da Secretaria da Receita Federal (RFB) ficar\u00e1 restrito, at\u00e9 31 de agosto de 2020, com agendamento pr\u00e9vio obrigat\u00f3rio, aos seguintes servi\u00e7os:<\/p>\n<p>I &#8211; Regulariza\u00e7\u00e3o de Cadastro de Pessoas F\u00edsicas (CPF);<br \/>\nII &#8211; c\u00f3pia de documentos relativos \u00e0 Declara\u00e7\u00e3o de Ajuste Anual do Imposto sobre a Renda da Pessoa F\u00edsica (DIRPF) e \u00e0 Declara\u00e7\u00e3o do Imposto sobre a Renda Retido na Fonte (Dirf) &#8211; benefici\u00e1rio;<br \/>\nIII &#8211; parcelamentos e reparcelamentos n\u00e3o dispon\u00edveis na internet;<br \/>\nIV &#8211; procura\u00e7\u00e3o RFB; e<br \/>\nV &#8211; protocolo de processos relativos aos servi\u00e7os de:<\/p>\n<p>a) an\u00e1lise e libera\u00e7\u00e3o de certid\u00e3o de regularidade fiscal perante a Fazenda Nacional;<br \/>\nb) an\u00e1lise e libera\u00e7\u00e3o de certid\u00e3o de regularidade fiscal de im\u00f3vel rural;<br \/>\nc) an\u00e1lise e libera\u00e7\u00e3o de certid\u00e3o para averba\u00e7\u00e3o de obra de constru\u00e7\u00e3o civil;<br \/>\nd) retifica\u00e7\u00f5es de pagamento; e<br \/>\ne) Cadastro Nacional da Pessoa Jur\u00eddica (CNPJ).<\/p>\n<p>&#8220;Caso o servi\u00e7o procurado n\u00e3o esteja entre os relacionados, o interessado dever\u00e1 efetuar o atendimento por meio do Centro Virtual de Atendimento (e-CAC) , na p\u00e1gina na internet. Outros casos excepcionais ser\u00e3o avaliados e o chefe da unidade poder\u00e1 autorizar o atendimento presencial&#8221;, indica o Le\u00e3o.<\/p>\n<p>&nbsp;<\/p>\n","protected":false},"excerpt":{"rendered":"<p>Segundo informa\u00e7\u00f5es do Fisco, est\u00e1 prorrogada at\u00e9 31 de agosto &#8220;a suspens\u00e3o das a\u00e7\u00f5es de cobran\u00e7a&#8221;, sem preju\u00edzo ao contribuinte. Ser\u00e1 mantido o atendimento presencial para os servi\u00e7os essenciais. De acordo com o \u00f3rg\u00e3o, atendimentos presenciais, com agendamento pr\u00e9vio obrigat\u00f3rio, e procedimentos administrativos s\u00e3o afetados pela medida Por meio de nota, a Receita Federal comunicou a prorroga\u00e7\u00e3o, at\u00e9 31 de [&hellip;]<\/p>\n","protected":false},"author":27,"featured_media":0,"comment_status":"open","ping_status":"closed","sticky":false,"template":"","format":"standard","meta":{"footnotes":""},"categories":[2719],"tags":[203,3758,2826,551,956,356,16896,18006,1769,3348,247,4769,5638,4279,9851,4947,151,17255,7856,1788,927,294,58,2423,261,1825],"class_list":["post-17166","post","type-post","status-publish","format-standard","hentry","category-servidor","tag-acoes","tag-agendamento","tag-agosto","tag-atendimento","tag-cobranca","tag-contribuinte","tag-coronavirus","tag-covd-19","tag-dou","tag-essenciais","tag-fisco","tag-inadimplencia","tag-intimacao","tag-leao","tag-malha-fiscal","tag-notificacao","tag-pagamento","tag-pandemia","tag-parcelas","tag-presencial","tag-procedimentos","tag-receita-federal","tag-servidores","tag-suspensao","tag-trabalho","tag-tributos"],"_links":{"self":[{"href":"https:\/\/blogs.correiobraziliense.com.br\/servidor\/wp-json\/wp\/v2\/posts\/17166","targetHints":{"allow":["GET"]}}],"collection":[{"href":"https:\/\/blogs.correiobraziliense.com.br\/servidor\/wp-json\/wp\/v2\/posts"}],"about":[{"href":"https:\/\/blogs.correiobraziliense.com.br\/servidor\/wp-json\/wp\/v2\/types\/post"}],"author":[{"embeddable":true,"href":"https:\/\/blogs.correiobraziliense.com.br\/servidor\/wp-json\/wp\/v2\/users\/27"}],"replies":[{"embeddable":true,"href":"https:\/\/blogs.correiobraziliense.com.br\/servidor\/wp-json\/wp\/v2\/comments?post=17166"}],"version-history":[{"count":1,"href":"https:\/\/blogs.correiobraziliense.com.br\/servidor\/wp-json\/wp\/v2\/posts\/17166\/revisions"}],"predecessor-version":[{"id":17167,"href":"https:\/\/blogs.correiobraziliense.com.br\/servidor\/wp-json\/wp\/v2\/posts\/17166\/revisions\/17167"}],"wp:attachment":[{"href":"https:\/\/blogs.correiobraziliense.com.br\/servidor\/wp-json\/wp\/v2\/media?parent=17166"}],"wp:term":[{"taxonomy":"category","embeddable":true,"href":"https:\/\/blogs.correiobraziliense.com.br\/servidor\/wp-json\/wp\/v2\/categories?post=17166"},{"taxonomy":"post_tag","embeddable":true,"href":"https:\/\/blogs.correiobraziliense.com.br\/servidor\/wp-json\/wp\/v2\/tags?post=17166"}],"curies":[{"name":"wp","href":"https:\/\/api.w.org\/{rel}","templated":true}]}}