{"id":17141,"date":"2020-07-29T19:41:03","date_gmt":"2020-07-29T22:41:03","guid":{"rendered":"https:\/\/blogs.correiobraziliense.com.br\/servidor\/?p=17141"},"modified":"2020-07-29T19:41:03","modified_gmt":"2020-07-29T22:41:03","slug":"quase-fora-do-bb-rubem-novaes-vai-se-despedir-de-bolsonaro","status":"publish","type":"post","link":"https:\/\/blogs.correiobraziliense.com.br\/servidor\/quase-fora-do-bb-rubem-novaes-vai-se-despedir-de-bolsonaro\/","title":{"rendered":"Quase fora do BB, Rubem Novaes vai se despedir de Bolsonaro"},"content":{"rendered":"<p><em><strong>Antes de desocupar a presid\u00eancia do Banco do Brasil, Rubem Novaes foi visitar o presidente Jair Bolsonaro para reiterar seu apoio ao governo. Ele disse que precisava agradecer pela confian\u00e7a nele depositada e pela cortesia com que sempre foi tratado. \u201cDisse a ele (Bolsonaro) que estarei sempre ao lado de Paulo Guedes (ministro da Economia) e confiante no \u00eaxito dos planos de economia\u201d, informou Novaes. Embora a sucess\u00e3o ainda n\u00e3o esteja definida, o pedido de demiss\u00e3o j\u00e1 deu o que falar no mercado.<\/strong><\/em><\/p>\n<p>O governo vem tendo dificuldade de encontrar um nome t\u00e9cnico que aceite encarar o desafio. E n\u00e3o apenas pelo suposto baixo sal\u00e1rio. A bagatela de R$ 68,8 mil, que pode at\u00e9 dobrar com parte da renda vari\u00e1vel. O valor pode parecer alto para o cidad\u00e3o comum, mas executivos de alto padr\u00e3o est\u00e3o habituados e ter ganhos anuais de at\u00e9 de R$ 46,880 milh\u00f5es, o equivalente a R$ 4 milh\u00f5es por m\u00eas. N\u00e3o est\u00e3o dispostos, segundo fontes sondadas pelo Correio, a conviver com \u201cbrigas de egos e quedas de bra\u00e7o entre Executivo, Legislativo e Judici\u00e1rio\u201d.<\/p>\n<p>Desde segunda-feira um nome tomou for\u00e7a na disputa pela presid\u00eancia do BB. O de Conrado Engel, ex-presidente do HSBC e ex-vice-presidente do conselho de administra\u00e7\u00e3o do Santander. Engel, por sinal, j\u00e1 est\u00e1 sendo analisado pela Casa Civil, que est\u00e1 fazendo uma varredura na vida do executivo. Mateus Bandeira, ex-candidato ao governo do Rio Grande do Sul pelo partido Novo e alinhado a Bolsonaro, tamb\u00e9m teria sido contatado pela equipe de Guedes.<\/p>\n<p>Outros candidatos que n\u00e3o aceitaram teriam sido o diretor de estrat\u00e9gia digital do BV, antigo Banco Votorantim, Guilherme Horn, e o CEO e fundador da Mau\u00e1 Capital e ex-diretor do Banco Central, Luiz Fernando Figueiredo. Uma poss\u00edvel solu\u00e7\u00e3o dom\u00e9stica contemplaria H\u00e9lio Magalh\u00e3es, presidente do conselho de administra\u00e7\u00e3o do BB, Pedro Guimar\u00e3es, presidente da Caixa Econ\u00f4mica Federal, e Walter Malieni, vice-presidente de neg\u00f3cios de atacado do BB. Al\u00e9m de Carlos Hamilton Vasconcelos Ara\u00fajo, vice-presidente de Gest\u00e3o Financeira e Rela\u00e7\u00e3o com Investidores, ou Mauro Ribeiro Neto, vice-presidente corporativo do BB.<\/p>\n","protected":false},"excerpt":{"rendered":"<p>Antes de desocupar a presid\u00eancia do Banco do Brasil, Rubem Novaes foi visitar o presidente Jair Bolsonaro para reiterar seu apoio ao governo. Ele disse que precisava agradecer pela confian\u00e7a nele depositada e pela cortesia com que sempre foi tratado. \u201cDisse a ele (Bolsonaro) que estarei sempre ao lado de Paulo Guedes (ministro da Economia) e confiante no \u00eaxito dos [&hellip;]<\/p>\n","protected":false},"author":27,"featured_media":0,"comment_status":"open","ping_status":"closed","sticky":false,"template":"","format":"standard","meta":{"footnotes":""},"categories":[2719],"tags":[1773,1453,3172,12991,1460,17994,88,98,13649,14501,17993,2225],"class_list":["post-17141","post","type-post","status-publish","format-standard","hentry","category-servidor","tag-banco-do-brasil","tag-bb","tag-confianca","tag-cortesia","tag-desafio","tag-despedir","tag-economia","tag-governo","tag-jair-bolsonaro","tag-paulo-guedes","tag-rubem-novais","tag-sucessao"],"_links":{"self":[{"href":"https:\/\/blogs.correiobraziliense.com.br\/servidor\/wp-json\/wp\/v2\/posts\/17141","targetHints":{"allow":["GET"]}}],"collection":[{"href":"https:\/\/blogs.correiobraziliense.com.br\/servidor\/wp-json\/wp\/v2\/posts"}],"about":[{"href":"https:\/\/blogs.correiobraziliense.com.br\/servidor\/wp-json\/wp\/v2\/types\/post"}],"author":[{"embeddable":true,"href":"https:\/\/blogs.correiobraziliense.com.br\/servidor\/wp-json\/wp\/v2\/users\/27"}],"replies":[{"embeddable":true,"href":"https:\/\/blogs.correiobraziliense.com.br\/servidor\/wp-json\/wp\/v2\/comments?post=17141"}],"version-history":[{"count":1,"href":"https:\/\/blogs.correiobraziliense.com.br\/servidor\/wp-json\/wp\/v2\/posts\/17141\/revisions"}],"predecessor-version":[{"id":17142,"href":"https:\/\/blogs.correiobraziliense.com.br\/servidor\/wp-json\/wp\/v2\/posts\/17141\/revisions\/17142"}],"wp:attachment":[{"href":"https:\/\/blogs.correiobraziliense.com.br\/servidor\/wp-json\/wp\/v2\/media?parent=17141"}],"wp:term":[{"taxonomy":"category","embeddable":true,"href":"https:\/\/blogs.correiobraziliense.com.br\/servidor\/wp-json\/wp\/v2\/categories?post=17141"},{"taxonomy":"post_tag","embeddable":true,"href":"https:\/\/blogs.correiobraziliense.com.br\/servidor\/wp-json\/wp\/v2\/tags?post=17141"}],"curies":[{"name":"wp","href":"https:\/\/api.w.org\/{rel}","templated":true}]}}