{"id":17139,"date":"2020-07-29T19:04:04","date_gmt":"2020-07-29T22:04:04","guid":{"rendered":"https:\/\/blogs.correiobraziliense.com.br\/servidor\/?p=17139"},"modified":"2020-07-29T19:04:04","modified_gmt":"2020-07-29T22:04:04","slug":"bancas-disputam-o-lucrativo-concurso-do-senado","status":"publish","type":"post","link":"https:\/\/blogs.correiobraziliense.com.br\/servidor\/bancas-disputam-o-lucrativo-concurso-do-senado\/","title":{"rendered":"Bancas disputam o lucrativo concurso do Senado"},"content":{"rendered":"<p><em><strong>O Idecan informa que \u00e9 um dos classificados para o concurso do Senado Federal, mas est\u00e1 disputando a prefer\u00eancia com a\u00a0Funda\u00e7\u00e3o Get\u00falio Vargas e Cebraspe.\u00a0A expectativa \u00e9 de que o an\u00fancio do vencedor seja feito nos nos pr\u00f3ximos dias<\/strong><\/em><\/p>\n<p>O Instituto de Desenvolvimento Educacional, Cultural e Assistencial Nacional (Idecan), que concorre pela primeira vez, passou para a segunda etapa do processo de licita\u00e7\u00e3o da banca organizadora do concurso do Senado Federal, para n\u00edveis m\u00e9dio e superior. Foram feitas an\u00e1lises de aspectos jur\u00eddicos, t\u00e9cnicos, econ\u00f4mico-financeiros e de regularidade fiscal e trabalhista.<\/p>\n<p>A concorr\u00eancia com as duas\u00a0 institui\u00e7\u00f5es que avan\u00e7aram de fase (o Centro Brasileiro de Pesquisa em Avalia\u00e7\u00e3o e Sele\u00e7\u00e3o e de Promo\u00e7\u00e3o de Eventos (Cebraspe) e a Funda\u00e7\u00e3o Get\u00falio Vargas &#8211; FGV) continua ferrenha. Segundo fontes citadas pela Folha Dirigida, parece haver no Senado um consenso em torno do Cebraspe.<\/p>\n<p>O concurso abre 40 vagas para cargos de n\u00edveis m\u00e9dio e superior. Ser\u00e3o 24 oportunidades para t\u00e9cnico legislativo, na especialidade de policial legislativo (R$ 19.573); 12 para analista legislativo em diversas especialidades que exigem n\u00edvel superior espec\u00edfico (R$ 25.764); e quatro vagas para advogado (R$ 33.003). Os valores referentes aos benef\u00edcios e gratifica\u00e7\u00f5es j\u00e1 est\u00e3o inclusos nas remunera\u00e7\u00f5es citadas.<\/p>\n<p>Ao final da primeira etapa, cinco bancas foram eliminadas: Instituto Acesso de Ensino, Pesquisa, Avalia\u00e7\u00e3o, Sele\u00e7\u00e3o e Emprego; Instituto AOCP; Instituto Brasileiro de Forma\u00e7\u00e3o e Capacita\u00e7\u00e3o (IBFC); Instituto Mais de Gest\u00e3o e Desenvolvimento Social (Imais); Funrio &#8211; Funda\u00e7\u00e3o de Apoio a Pesquisa, Ensino e Assist\u00eancia \u00e0 Escola de Medicina e Cirurgia do Rio de Janeiro e ao Hospital Universit\u00e1rio Gaffr\u00e9e e Guinle da Universidade Federal do Estado do Rio de Janeiro (Unirio).<\/p>\n<p>&nbsp;<\/p>\n","protected":false},"excerpt":{"rendered":"<p>O Idecan informa que \u00e9 um dos classificados para o concurso do Senado Federal, mas est\u00e1 disputando a prefer\u00eancia com a\u00a0Funda\u00e7\u00e3o Get\u00falio Vargas e Cebraspe.\u00a0A expectativa \u00e9 de que o an\u00fancio do vencedor seja feito nos nos pr\u00f3ximos dias O Instituto de Desenvolvimento Educacional, Cultural e Assistencial Nacional (Idecan), que concorre pela primeira vez, passou para a segunda etapa do [&hellip;]<\/p>\n","protected":false},"author":27,"featured_media":0,"comment_status":"open","ping_status":"closed","sticky":false,"template":"","format":"standard","meta":{"footnotes":""},"categories":[2719],"tags":[6054,791,3367,17992,5296,993,3704,7907,309,4674,241,696,4174],"class_list":["post-17139","post","type-post","status-publish","format-standard","hentry","category-servidor","tag-bancas","tag-cargos","tag-classificados","tag-disputam-concurso","tag-examinadora","tag-fase","tag-licitacao","tag-nivel-medio","tag-nivel-superior","tag-organizadora","tag-publico","tag-senado","tag-vencedor"],"_links":{"self":[{"href":"https:\/\/blogs.correiobraziliense.com.br\/servidor\/wp-json\/wp\/v2\/posts\/17139","targetHints":{"allow":["GET"]}}],"collection":[{"href":"https:\/\/blogs.correiobraziliense.com.br\/servidor\/wp-json\/wp\/v2\/posts"}],"about":[{"href":"https:\/\/blogs.correiobraziliense.com.br\/servidor\/wp-json\/wp\/v2\/types\/post"}],"author":[{"embeddable":true,"href":"https:\/\/blogs.correiobraziliense.com.br\/servidor\/wp-json\/wp\/v2\/users\/27"}],"replies":[{"embeddable":true,"href":"https:\/\/blogs.correiobraziliense.com.br\/servidor\/wp-json\/wp\/v2\/comments?post=17139"}],"version-history":[{"count":1,"href":"https:\/\/blogs.correiobraziliense.com.br\/servidor\/wp-json\/wp\/v2\/posts\/17139\/revisions"}],"predecessor-version":[{"id":17140,"href":"https:\/\/blogs.correiobraziliense.com.br\/servidor\/wp-json\/wp\/v2\/posts\/17139\/revisions\/17140"}],"wp:attachment":[{"href":"https:\/\/blogs.correiobraziliense.com.br\/servidor\/wp-json\/wp\/v2\/media?parent=17139"}],"wp:term":[{"taxonomy":"category","embeddable":true,"href":"https:\/\/blogs.correiobraziliense.com.br\/servidor\/wp-json\/wp\/v2\/categories?post=17139"},{"taxonomy":"post_tag","embeddable":true,"href":"https:\/\/blogs.correiobraziliense.com.br\/servidor\/wp-json\/wp\/v2\/tags?post=17139"}],"curies":[{"name":"wp","href":"https:\/\/api.w.org\/{rel}","templated":true}]}}