{"id":17117,"date":"2020-07-28T19:17:25","date_gmt":"2020-07-28T22:17:25","guid":{"rendered":"https:\/\/blogs.correiobraziliense.com.br\/servidor\/?p=17117"},"modified":"2020-07-28T19:17:25","modified_gmt":"2020-07-28T22:17:25","slug":"deputado-professor-israel-cobra-explicacoes-sobre-perseguicao-a-professores-e-policiais","status":"publish","type":"post","link":"https:\/\/blogs.correiobraziliense.com.br\/servidor\/deputado-professor-israel-cobra-explicacoes-sobre-perseguicao-a-professores-e-policiais\/","title":{"rendered":"Deputado Professor Israel cobra explica\u00e7\u00f5es sobre persegui\u00e7\u00e3o a professores e policiais"},"content":{"rendered":"<p><em><strong>Pelas redes sociais, o parlamentar j\u00e1 havia declarado que se trata de \u201cuma verdadeira ca\u00e7a \u00e0s bruxas\u201d. O parlamentar combate a atitude da\u00a0Secretaria de Opera\u00e7\u00f5es Integradas (Seopi), vinculada ao Minist\u00e9rio da Justi\u00e7a\u00a0e Seguran\u00e7a P\u00fablica, de fazer um dossi\u00ea com informa\u00e7\u00f5es pessoais, fotos e perfis de redes\u00a0sociais de 579 servidores federais e estaduais de\u00a0seguran\u00e7a e de 4\u00a0 professores universit\u00e1rios de movimentos tidos\u00a0como antifascistas e contr\u00e1rios ao governo atual<\/strong><\/em><\/p>\n<p>O deputado federal Professor Israel Batista (PV\/DF) protocolou nesta ter\u00e7a-feira (28) o Requerimento de Informa\u00e7\u00e3o n\u00ba 871\/2020, pedindo que o ministro da Justi\u00e7a e Seguran\u00e7a P\u00fablica explique quais s\u00e3o as\u00a0 justificativas para qualificar servidores de seguran\u00e7a e professores universit\u00e1rios como integrantes de movimento antifascista e contr\u00e1rios ao presidente da Rep\u00fablica.<\/p>\n<p>\u201cSob o pretexto de livrar a na\u00e7\u00e3o dos \u201c&#8217;antifascistas&#8217;, inicia-se uma persegui\u00e7\u00e3o aos servidores e professores que se posicionaram contr\u00e1rios ao governo. J\u00e1 est\u00e3o na lista 579 servidores federais e estaduais de seguran\u00e7a e tr\u00eas professores universit\u00e1rios. Vivemos no que? Uma ditadura? A Seopi (Secretaria de Opera\u00e7\u00f5es Integradas) est\u00e1 fazendo papel semelhante ao do Destacamento de Opera\u00e7\u00f5es de Informa\u00e7\u00e3o \u2013 Centro de Opera\u00e7\u00f5es de Defesa Interna (DOI-CODI) na ca\u00e7a aos opositores do governo. Isso n\u00e3o vai seguir adiante! Queremos informa\u00e7\u00f5es sobre este absurdo\u201d, ressaltou Professor Israel.<\/p>\n<p>O presidente do F\u00f3rum das Carreiras de Estado e do Unacon Sindical, Rudinei Marques, enalteceu a r\u00e1pida atitude do parlamentar. \u201cO Fonacate parabeniza a iniciativa do deputado professor Israel Batista, pois o Minist\u00e9rio da Justi\u00e7a existe para proteger a popula\u00e7\u00e3o, n\u00e3o para monitorar e perseguir eventuais desafetos pol\u00edticos do presidente da Rep\u00fablica\u201d.<\/p>\n<p><strong>O pedido<\/strong><\/p>\n<p>No documento, o parlamentar aponta que foi amplamente divulgado pela imprensa brasileira a elabora\u00e7\u00e3o, pela<br \/>\nSecretaria de Opera\u00e7\u00f5es Integradas (Seopi), \u00f3rg\u00e3o vinculado ao Minist\u00e9rio da Justi\u00e7a\u00a0e Seguran\u00e7a P\u00fablica, de dossi\u00ea com informa\u00e7\u00f5es pessoais, fotos e perfis de redes\u00a0sociais de 579 servidores federais e estaduais de<br \/>\nseguran\u00e7a e de 4\u00a0 professores universit\u00e1rios integrantes de movimentos tidos\u00a0como antifascistas e contr\u00e1rios ao governo atual.<\/p>\n<p>A necessidade de acompanhamento constante das atividades desses\u00a0servidores seria justificada pelo fato de que &#8220;alguns policiais formadores de opini\u00e3o\u00a0que apresentam n\u00famero elevado de seguidores em suas redes sociais, os quais\u00a0disseminam s\u00edmbolos e ideologia antifascistas\u201d.<\/p>\n<p>Veja a <a href=\"https:\/\/fonacate.org.br\/wp-content\/uploads\/2020\/07\/CD202456862900.pdf\">\u00edntegra do requerimento<\/a><\/p>\n","protected":false},"excerpt":{"rendered":"<p>Pelas redes sociais, o parlamentar j\u00e1 havia declarado que se trata de \u201cuma verdadeira ca\u00e7a \u00e0s bruxas\u201d. O parlamentar combate a atitude da\u00a0Secretaria de Opera\u00e7\u00f5es Integradas (Seopi), vinculada ao Minist\u00e9rio da Justi\u00e7a\u00a0e Seguran\u00e7a P\u00fablica, de fazer um dossi\u00ea com informa\u00e7\u00f5es pessoais, fotos e perfis de redes\u00a0sociais de 579 servidores federais e estaduais de\u00a0seguran\u00e7a e de 4\u00a0 professores universit\u00e1rios de movimentos [&hellip;]<\/p>\n","protected":false},"author":27,"featured_media":0,"comment_status":"open","ping_status":"closed","sticky":false,"template":"","format":"standard","meta":{"footnotes":""},"categories":[2719],"tags":[14222,359,9335,1689,12228,59,6694,98,561,17077,1042,2703,2149,1704,110,15186,2976,1083,17982,58,5233],"class_list":["post-17117","post","type-post","status-publish","format-standard","hentry","category-servidor","tag-antifascistas","tag-deputado","tag-dossie","tag-estaduais","tag-explicacoes","tag-federais","tag-fotos","tag-governo","tag-informacoes","tag-ministerio-da-justica-e-seguranca-publica","tag-movimentos","tag-perfis","tag-perseguicao","tag-pessoais","tag-policiais","tag-professor-israel","tag-professores","tag-redes-sociais","tag-seopi","tag-servidores","tag-universitarios"],"_links":{"self":[{"href":"https:\/\/blogs.correiobraziliense.com.br\/servidor\/wp-json\/wp\/v2\/posts\/17117","targetHints":{"allow":["GET"]}}],"collection":[{"href":"https:\/\/blogs.correiobraziliense.com.br\/servidor\/wp-json\/wp\/v2\/posts"}],"about":[{"href":"https:\/\/blogs.correiobraziliense.com.br\/servidor\/wp-json\/wp\/v2\/types\/post"}],"author":[{"embeddable":true,"href":"https:\/\/blogs.correiobraziliense.com.br\/servidor\/wp-json\/wp\/v2\/users\/27"}],"replies":[{"embeddable":true,"href":"https:\/\/blogs.correiobraziliense.com.br\/servidor\/wp-json\/wp\/v2\/comments?post=17117"}],"version-history":[{"count":1,"href":"https:\/\/blogs.correiobraziliense.com.br\/servidor\/wp-json\/wp\/v2\/posts\/17117\/revisions"}],"predecessor-version":[{"id":17118,"href":"https:\/\/blogs.correiobraziliense.com.br\/servidor\/wp-json\/wp\/v2\/posts\/17117\/revisions\/17118"}],"wp:attachment":[{"href":"https:\/\/blogs.correiobraziliense.com.br\/servidor\/wp-json\/wp\/v2\/media?parent=17117"}],"wp:term":[{"taxonomy":"category","embeddable":true,"href":"https:\/\/blogs.correiobraziliense.com.br\/servidor\/wp-json\/wp\/v2\/categories?post=17117"},{"taxonomy":"post_tag","embeddable":true,"href":"https:\/\/blogs.correiobraziliense.com.br\/servidor\/wp-json\/wp\/v2\/tags?post=17117"}],"curies":[{"name":"wp","href":"https:\/\/api.w.org\/{rel}","templated":true}]}}