{"id":17114,"date":"2020-07-28T18:57:24","date_gmt":"2020-07-28T21:57:24","guid":{"rendered":"https:\/\/blogs.correiobraziliense.com.br\/servidor\/?p=17114"},"modified":"2020-07-28T18:57:24","modified_gmt":"2020-07-28T21:57:24","slug":"tcu-debate-monitoramento-de-politicas-publicas-e-acessibilidade","status":"publish","type":"post","link":"https:\/\/blogs.correiobraziliense.com.br\/servidor\/tcu-debate-monitoramento-de-politicas-publicas-e-acessibilidade\/","title":{"rendered":"TCU debate monitoramento de pol\u00edticas p\u00fablicas e acessibilidade"},"content":{"rendered":"<p><em><strong>No dia 30 de julho, \u00e0s 17 horas, o Tribunal de Contas da Uni\u00e3o (TCU) far\u00e1 o webin\u00e1rio \u201cA promo\u00e7\u00e3o da acessibilidade nas cidades\u201d, no contexto de promo\u00e7\u00e3o dos direitos das pessoas com defici\u00eancia<\/strong><\/em><\/p>\n<p><img loading=\"lazy\" decoding=\"async\" class=\"alignright size-large wp-image-17115\" src=\"https:\/\/blogs.correiobraziliense.com.br\/servidor\/wp-content\/uploads\/sites\/10\/2020\/07\/TCU-ACESSIBILIDADE-1024x1024.png\" alt=\"\" width=\"1024\" height=\"1024\" \/><\/p>\n<p>Participar\u00e3o do evento a secret\u00e1ria distrital da Pessoa com Defici\u00eancia, Roseane Cavalcante de Freitas, o secret\u00e1rio municipal da Pessoa com Defici\u00eancia da cidade de S\u00e3o Paulo, Cid Torquato, e o procurador do Minist\u00e9rio P\u00fablico de Contas junto ao TCU, S\u00e9rgio Carib\u00e9. Este ser\u00e1 o terceiro webn\u00e1rio de uma s\u00e9rie que tem como tema \u201cinclus\u00e3o e acessibilidade\u201d. O evento ser\u00e1 transmitido ao vivo pelo canal do TCU no Youtube. As inscri\u00e7\u00f5es s\u00e3o gratuitas e abertas \u00e0 toda sociedade. Para se inscrever acesse <a href=\"http:\/\/www.tcu.gov.br\/eventos\">www.tcu.gov.br\/eventos<\/a><\/p>\n","protected":false},"excerpt":{"rendered":"<p>No dia 30 de julho, \u00e0s 17 horas, o Tribunal de Contas da Uni\u00e3o (TCU) far\u00e1 o webin\u00e1rio \u201cA promo\u00e7\u00e3o da acessibilidade nas cidades\u201d, no contexto de promo\u00e7\u00e3o dos direitos das pessoas com defici\u00eancia Participar\u00e3o do evento a secret\u00e1ria distrital da Pessoa com Defici\u00eancia, Roseane Cavalcante de Freitas, o secret\u00e1rio municipal da Pessoa com Defici\u00eancia da cidade de S\u00e3o Paulo, [&hellip;]<\/p>\n","protected":false},"author":27,"featured_media":0,"comment_status":"open","ping_status":"closed","sticky":false,"template":"","format":"standard","meta":{"footnotes":""},"categories":[2719],"tags":[169,6518,847,619,782,781,6751,15312,10851,635],"class_list":["post-17114","post","type-post","status-publish","format-standard","hentry","category-servidor","tag-acessibilidade","tag-cidades","tag-debate","tag-direitos","tag-gratuitas","tag-inscricoes","tag-monitoramento","tag-pessoas-com-deficiencia","tag-politicas-publicas","tag-tcu"],"_links":{"self":[{"href":"https:\/\/blogs.correiobraziliense.com.br\/servidor\/wp-json\/wp\/v2\/posts\/17114","targetHints":{"allow":["GET"]}}],"collection":[{"href":"https:\/\/blogs.correiobraziliense.com.br\/servidor\/wp-json\/wp\/v2\/posts"}],"about":[{"href":"https:\/\/blogs.correiobraziliense.com.br\/servidor\/wp-json\/wp\/v2\/types\/post"}],"author":[{"embeddable":true,"href":"https:\/\/blogs.correiobraziliense.com.br\/servidor\/wp-json\/wp\/v2\/users\/27"}],"replies":[{"embeddable":true,"href":"https:\/\/blogs.correiobraziliense.com.br\/servidor\/wp-json\/wp\/v2\/comments?post=17114"}],"version-history":[{"count":1,"href":"https:\/\/blogs.correiobraziliense.com.br\/servidor\/wp-json\/wp\/v2\/posts\/17114\/revisions"}],"predecessor-version":[{"id":17116,"href":"https:\/\/blogs.correiobraziliense.com.br\/servidor\/wp-json\/wp\/v2\/posts\/17114\/revisions\/17116"}],"wp:attachment":[{"href":"https:\/\/blogs.correiobraziliense.com.br\/servidor\/wp-json\/wp\/v2\/media?parent=17114"}],"wp:term":[{"taxonomy":"category","embeddable":true,"href":"https:\/\/blogs.correiobraziliense.com.br\/servidor\/wp-json\/wp\/v2\/categories?post=17114"},{"taxonomy":"post_tag","embeddable":true,"href":"https:\/\/blogs.correiobraziliense.com.br\/servidor\/wp-json\/wp\/v2\/tags?post=17114"}],"curies":[{"name":"wp","href":"https:\/\/api.w.org\/{rel}","templated":true}]}}