{"id":17111,"date":"2020-07-28T17:16:45","date_gmt":"2020-07-28T20:16:45","guid":{"rendered":"https:\/\/blogs.correiobraziliense.com.br\/servidor\/?p=17111"},"modified":"2020-07-28T17:16:45","modified_gmt":"2020-07-28T20:16:45","slug":"acoes-da-ans-no-enfrentamento-do-covid-19","status":"publish","type":"post","link":"https:\/\/blogs.correiobraziliense.com.br\/servidor\/acoes-da-ans-no-enfrentamento-do-covid-19\/","title":{"rendered":"A\u00e7\u00f5es da ANS no enfrentamento do Covid-19"},"content":{"rendered":"<p><em><strong>O diretor-presidente substituto da ANS, Rog\u00e9rio Scarabel, participa de live que faz parte do Ciclo de Debates &#8211; Regula\u00e7\u00e3o Livre, com diretores do Sinag\u00eancias, na pr\u00f3xima quarta-feira (29.07), 15 horas<\/strong><\/em><\/p>\n<p><img loading=\"lazy\" decoding=\"async\" class=\"alignright size-large wp-image-17112\" src=\"https:\/\/blogs.correiobraziliense.com.br\/servidor\/wp-content\/uploads\/sites\/10\/2020\/07\/CICLO-DE-DEBATES-ANS-974x1024.jpg\" alt=\"\" width=\"974\" height=\"1024\" srcset=\"https:\/\/blogs.correiobraziliense.com.br\/servidor\/wp-content\/uploads\/sites\/10\/2020\/07\/CICLO-DE-DEBATES-ANS-974x1024.jpg 974w, https:\/\/blogs.correiobraziliense.com.br\/servidor\/wp-content\/uploads\/sites\/10\/2020\/07\/CICLO-DE-DEBATES-ANS-285x300.jpg 285w, https:\/\/blogs.correiobraziliense.com.br\/servidor\/wp-content\/uploads\/sites\/10\/2020\/07\/CICLO-DE-DEBATES-ANS-768x807.jpg 768w, https:\/\/blogs.correiobraziliense.com.br\/servidor\/wp-content\/uploads\/sites\/10\/2020\/07\/CICLO-DE-DEBATES-ANS-550x578.jpg 550w, https:\/\/blogs.correiobraziliense.com.br\/servidor\/wp-content\/uploads\/sites\/10\/2020\/07\/CICLO-DE-DEBATES-ANS-230x242.jpg 230w, https:\/\/blogs.correiobraziliense.com.br\/servidor\/wp-content\/uploads\/sites\/10\/2020\/07\/CICLO-DE-DEBATES-ANS.jpg 1218w\" sizes=\"auto, (max-width: 974px) 100vw, 974px\" \/><\/p>\n<p>O debate ser\u00e1 mediado pelo presidente do Sindicato Nacional dos Servidores das Ag\u00eancias Nacionais de Regula\u00e7\u00e3o (Sinag\u00eancias), Alexnaldo Queiroz de Jesus, com a participa\u00e7\u00e3o do secret\u00e1rio-geral, e tamb\u00e9m servidor da Ag\u00eancia, Cleber Ferreira, e o diretor financeiro adjunto, Wagner Dias.\u00a0O Ciclo de debates &#8211; Regula\u00e7\u00e3o Livre \u00e9 uma a\u00e7\u00e3o do Sinag\u00eancias. Acontece toda semana, a partir do diagn\u00f3stico da necessidade de di\u00e1logos e constru\u00e7\u00e3o de novas ideias sobre assuntos pertinentes ao contexto das Ag\u00eancias Reguladoras.<\/p>\n<p>J\u00e1 estiveram presentes nos encontros virtuais o diretor da Anvisa, Marcus Aur\u00e9lio Miranda, falando sobre \u201co excesso de burocracia em face aos novos marcos legais\u201d; o superintendente de Recursos Humanos da Aneel, Alex Cavalcante Alves, com o tema \u201cTeletrabalho \u2013 \u00eaxitos e desafios\u201d, o tamb\u00e9m servidor analista da ANS e criador do Laborat\u00f3rio de Inova\u00e7\u00e3o na Ag\u00eancia, Ant\u00f4nio Gomes Cordeiro; e o chefe de Gabinete da Procuradoria Geral da ANTT, H\u00e9lio Roberto Silva e Sousa, falando sobre \u201cInova\u00e7\u00e3o na Administra\u00e7\u00e3o P\u00fablica\u201d.<\/p>\n<p>Recentemente os debates tamb\u00e9m alcan\u00e7aram o Legislativo com a deputada federal, Bia Kicis (PSL.DF), e participa\u00e7\u00e3o do 1\u00b0 vice-presidente da C\u00e2mara dos deputados e presidente Nacional do Republicanos, Marcos Pereira; deputado federal, Julio Cesar (Republicanos.DF) e do deputado professor Israel (PV.DF), falando sobre o Projeto Arca (regulamenta\u00e7\u00e3o das carreiras t\u00edpicas de Estado) e reforma administrativa p\u00f3s-Covid-19.<\/p>\n<p>Graduado em Direito pelo Centro Universit\u00e1rio Eur\u00edpedes Soares da Rocha de Mar\u00edlia (SP), Rog\u00e9rio Scarabel Barbosa tem especializa\u00e7\u00e3o em Gest\u00e3o Hospitalar e Organiza\u00e7\u00e3o da Sa\u00fade pela Universidade Federal do Cear\u00e1; e em Responsabilidade Civil e Direito do Consumidor pela Universidade de Fortaleza. Scarabel atua no setor de sa\u00fade desde 2004 e tem ampla experi\u00eancia nos segmentos de sa\u00fade suplementar e sa\u00fade p\u00fablica. Durante os \u00faltimos 14 anos, atuou como advogado na \u00e1rea de Direito da Sa\u00fade.<\/p>\n<p>CICLO DE DEBATES \u2013 REGULA\u00c7\u00c3O LIVRE \u2013 Tema : \u201cA\u00e7\u00f5es da ANS no enfrentamento do COVID-19\u201d<\/p>\n<p>DIA: 29\/07 (quarta-feira)<\/p>\n<p>HOR\u00c1RIO: 15 horas<\/p>\n<p>LOCAL: Facebook: https:\/\/www.facebook.com\/sinagencias1\/ Youtube: https:\/\/www.youtube.com\/sinagencias e Instagran<\/p>\n<p><em>Fonte<\/em>: Ascom\/Sinag\u00eancias<\/p>\n","protected":false},"excerpt":{"rendered":"<p>O diretor-presidente substituto da ANS, Rog\u00e9rio Scarabel, participa de live que faz parte do Ciclo de Debates &#8211; Regula\u00e7\u00e3o Livre, com diretores do Sinag\u00eancias, na pr\u00f3xima quarta-feira (29.07), 15 horas O debate ser\u00e1 mediado pelo presidente do Sindicato Nacional dos Servidores das Ag\u00eancias Nacionais de Regula\u00e7\u00e3o (Sinag\u00eancias), Alexnaldo Queiroz de Jesus, com a participa\u00e7\u00e3o do secret\u00e1rio-geral, e tamb\u00e9m servidor da [&hellip;]<\/p>\n","protected":false},"author":27,"featured_media":0,"comment_status":"open","ping_status":"closed","sticky":false,"template":"","format":"standard","meta":{"footnotes":""},"categories":[2719],"tags":[203,982,3895,17256,847,1800,1081,17981,4560],"class_list":["post-17111","post","type-post","status-publish","format-standard","hentry","category-servidor","tag-acoes","tag-ans","tag-burocracia","tag-covid-19","tag-debate","tag-enfrentamento","tag-legais","tag-marcos","tag-sinagencias"],"_links":{"self":[{"href":"https:\/\/blogs.correiobraziliense.com.br\/servidor\/wp-json\/wp\/v2\/posts\/17111","targetHints":{"allow":["GET"]}}],"collection":[{"href":"https:\/\/blogs.correiobraziliense.com.br\/servidor\/wp-json\/wp\/v2\/posts"}],"about":[{"href":"https:\/\/blogs.correiobraziliense.com.br\/servidor\/wp-json\/wp\/v2\/types\/post"}],"author":[{"embeddable":true,"href":"https:\/\/blogs.correiobraziliense.com.br\/servidor\/wp-json\/wp\/v2\/users\/27"}],"replies":[{"embeddable":true,"href":"https:\/\/blogs.correiobraziliense.com.br\/servidor\/wp-json\/wp\/v2\/comments?post=17111"}],"version-history":[{"count":1,"href":"https:\/\/blogs.correiobraziliense.com.br\/servidor\/wp-json\/wp\/v2\/posts\/17111\/revisions"}],"predecessor-version":[{"id":17113,"href":"https:\/\/blogs.correiobraziliense.com.br\/servidor\/wp-json\/wp\/v2\/posts\/17111\/revisions\/17113"}],"wp:attachment":[{"href":"https:\/\/blogs.correiobraziliense.com.br\/servidor\/wp-json\/wp\/v2\/media?parent=17111"}],"wp:term":[{"taxonomy":"category","embeddable":true,"href":"https:\/\/blogs.correiobraziliense.com.br\/servidor\/wp-json\/wp\/v2\/categories?post=17111"},{"taxonomy":"post_tag","embeddable":true,"href":"https:\/\/blogs.correiobraziliense.com.br\/servidor\/wp-json\/wp\/v2\/tags?post=17111"}],"curies":[{"name":"wp","href":"https:\/\/api.w.org\/{rel}","templated":true}]}}