{"id":17105,"date":"2020-07-28T08:00:14","date_gmt":"2020-07-28T11:00:14","guid":{"rendered":"https:\/\/blogs.correiobraziliense.com.br\/servidor\/?p=17105"},"modified":"2020-07-27T20:05:47","modified_gmt":"2020-07-27T23:05:47","slug":"novas-possibilidades-de-revisao-de-aposentadorias","status":"publish","type":"post","link":"https:\/\/blogs.correiobraziliense.com.br\/servidor\/novas-possibilidades-de-revisao-de-aposentadorias\/","title":{"rendered":"Novas possibilidades de revis\u00e3o de aposentadorias"},"content":{"rendered":"<p><em><strong>Os benefici\u00e1rios do INSS devem ficar atentos. Caso tenham recebido mais de um sal\u00e1rio m\u00ednimo em determinado momento da vida, mesmo tendo trabalhado menos de 30 dias, poder\u00e3o ter o per\u00edodo considerado como mensal<\/strong><\/em><\/p>\n<p>Uma nova tese vem sendo defendida pelo advogado Giovanni Magalh\u00e3es, da ABL Calc, empresa especializada em c\u00e1lculos previdenci\u00e1rios e judiciais, tamb\u00e9m com base nas mudan\u00e7as feitas a partir de 2019, com a reforma da Previd\u00eancia. \u201cA lei diz claramente que quem tenha ganho mensal acima de um sal\u00e1rio m\u00ednimo (R$ 1.045,00) tem direito a que o valor descontado ao INSS seja considerado como se fosse um m\u00eas de contribui\u00e7\u00e3o. Mesmo que o contribuinte tenha trabalhado somente por 10, 15 ou 20 dias, j\u00e1 que, eventualmente, naquele momento, foi o que o profissional efetivamente recebeu no per\u00edodo para sobreviver\u201d, aponta Magalh\u00e3es.<\/p>\n<p>Embora a Constitui\u00e7\u00e3o determine o direito e v\u00e1rios peritos tenham o entendimento de que a estrat\u00e9gia do INSS prejudica os aposentados, o \u00f3rg\u00e3o continua considerando apenas os dias trabalhados. \u201cAcredito que tamb\u00e9m esse tema cabe revis\u00e3o em favor do benefici\u00e1rio. Acho que, al\u00e9m de o INSS n\u00e3o saber fazer esse c\u00e1lculo, porque o sistema n\u00e3o deve estar preparado para a mudan\u00e7a, h\u00e1 uma m\u00e1 vontade em consequ\u00eancia do impacto econ\u00f4mico que poder\u00e1 gerar. Mas, na verdade, o caso \u00e9 bem simples e dever\u00e1 ser reconhecido pela Justi\u00e7a\u201d, diz Magalh\u00e3es.<\/p>\n","protected":false},"excerpt":{"rendered":"<p>Os benefici\u00e1rios do INSS devem ficar atentos. Caso tenham recebido mais de um sal\u00e1rio m\u00ednimo em determinado momento da vida, mesmo tendo trabalhado menos de 30 dias, poder\u00e3o ter o per\u00edodo considerado como mensal Uma nova tese vem sendo defendida pelo advogado Giovanni Magalh\u00e3es, da ABL Calc, empresa especializada em c\u00e1lculos previdenci\u00e1rios e judiciais, tamb\u00e9m com base nas mudan\u00e7as feitas [&hellip;]<\/p>\n","protected":false},"author":27,"featured_media":0,"comment_status":"open","ping_status":"closed","sticky":false,"template":"","format":"standard","meta":{"footnotes":""},"categories":[2719],"tags":[2055,3782,4508,131,2570,2596,2134,833,11,260,2298,2024,504,9727,2135,643,19],"class_list":["post-17105","post","type-post","status-publish","format-standard","hentry","category-servidor","tag-aposentadorias","tag-beneficiario","tag-calculo","tag-contribuicao","tag-dias","tag-economico","tag-estrategia","tag-impacto","tag-inss","tag-justica","tag-mensal","tag-minimo","tag-peritos","tag-reforma-da-previdencia","tag-revisao","tag-salario","tag-trabalhadores"],"_links":{"self":[{"href":"https:\/\/blogs.correiobraziliense.com.br\/servidor\/wp-json\/wp\/v2\/posts\/17105","targetHints":{"allow":["GET"]}}],"collection":[{"href":"https:\/\/blogs.correiobraziliense.com.br\/servidor\/wp-json\/wp\/v2\/posts"}],"about":[{"href":"https:\/\/blogs.correiobraziliense.com.br\/servidor\/wp-json\/wp\/v2\/types\/post"}],"author":[{"embeddable":true,"href":"https:\/\/blogs.correiobraziliense.com.br\/servidor\/wp-json\/wp\/v2\/users\/27"}],"replies":[{"embeddable":true,"href":"https:\/\/blogs.correiobraziliense.com.br\/servidor\/wp-json\/wp\/v2\/comments?post=17105"}],"version-history":[{"count":1,"href":"https:\/\/blogs.correiobraziliense.com.br\/servidor\/wp-json\/wp\/v2\/posts\/17105\/revisions"}],"predecessor-version":[{"id":17106,"href":"https:\/\/blogs.correiobraziliense.com.br\/servidor\/wp-json\/wp\/v2\/posts\/17105\/revisions\/17106"}],"wp:attachment":[{"href":"https:\/\/blogs.correiobraziliense.com.br\/servidor\/wp-json\/wp\/v2\/media?parent=17105"}],"wp:term":[{"taxonomy":"category","embeddable":true,"href":"https:\/\/blogs.correiobraziliense.com.br\/servidor\/wp-json\/wp\/v2\/categories?post=17105"},{"taxonomy":"post_tag","embeddable":true,"href":"https:\/\/blogs.correiobraziliense.com.br\/servidor\/wp-json\/wp\/v2\/tags?post=17105"}],"curies":[{"name":"wp","href":"https:\/\/api.w.org\/{rel}","templated":true}]}}