{"id":17088,"date":"2020-07-23T20:25:21","date_gmt":"2020-07-23T23:25:21","guid":{"rendered":"https:\/\/blogs.correiobraziliense.com.br\/servidor\/?p=17088"},"modified":"2020-07-23T20:25:21","modified_gmt":"2020-07-23T23:25:21","slug":"empregados-da-caixa-fizeram-hoje-mobilizacao-virtual-contra-privatizacao","status":"publish","type":"post","link":"https:\/\/blogs.correiobraziliense.com.br\/servidor\/empregados-da-caixa-fizeram-hoje-mobilizacao-virtual-contra-privatizacao\/","title":{"rendered":"Empregados da Caixa fizeram hoje mobiliza\u00e7\u00e3o virtual contra privatiza\u00e7\u00e3o"},"content":{"rendered":"<p><em><strong>Nesta quinta-feira (23), declara\u00e7\u00f5es do presidente da Caixa refor\u00e7aram, segundo os funcion\u00e1rios, os planos do governo de vender cinco \u00e1reas estrat\u00e9gicas da estatal e at\u00e9 \u201co banco em si\u201d<\/strong><\/em><\/p>\n<p>Em todo o pa\u00eds, os empregados da Caixa Econ\u00f4mica Federal participaram, nesta quinta-feira (23), de mobiliza\u00e7\u00e3o virtual contra a privatiza\u00e7\u00e3o do banco e &#8220;o desrespeito da institui\u00e7\u00e3o aos trabalhadores durante a pandemia do coronav\u00edrus&#8221;. Com a hashtag &#8220;#MexeuComACaixaMexeuComOBrasil&#8221;, a a\u00e7\u00e3o nas redes sociais foi para chamar a aten\u00e7\u00e3o da sociedade para a import\u00e2ncia do banco p\u00fablico e tamb\u00e9m sobre os reais interesses do governo em privatizar a empresa.<\/p>\n<p>&#8220;Estes interesses n\u00e3o s\u00e3o para melhorar a vida da popula\u00e7\u00e3o&#8221;, alerta o presidente da Federa\u00e7\u00e3o Nacional das Associa\u00e7\u00f5es do Pessoal da Caixa (Fenae), S\u00e9rgio Takemoto. \u201cQueremos mostrar para as pessoas a import\u00e2ncia de se manter a Caixa 100% p\u00fablica para a continuidade dos programas sociais, que s\u00e3o indispens\u00e1veis principalmente para a popula\u00e7\u00e3o mais pobre&#8221;, refor\u00e7a.\u00a0Takemoto lembra que o presidente da Caixa, Pedro Guimar\u00e3es, e o ministro da Economia, Paulo Guedes, t\u00eam reiterado a meta do governo de vender setores estrat\u00e9gicos do banco.<\/p>\n<p>&#8220;Not\u00edcias publicadas pela imprensa nesta quinta-feira (23) trazem declara\u00e7\u00f5es de Pedro Guimar\u00e3es sobre os planos de abertura do capital da Caixa Seguridade, das \u00e1reas de Cart\u00f5es e de Gest\u00e3o de Ativos como tamb\u00e9m das loterias, al\u00e9m da plataforma digital criada para o pagamento do Aux\u00edlio Emergencial e que poder\u00e1 ser a mais nova subsidi\u00e1ria para ser colocada \u00e0 venda&#8221;, afirma a Fenae.<\/p>\n<p>Takemoto lembra as solicita\u00e7\u00f5es feitas pela Fenae e por outras entidades do movimento sindical para que o pagamento do aux\u00edlioeEmergencial de R$ 600 n\u00e3o ficasse centralizado na Caixa. A descentraliza\u00e7\u00e3o teria evitado as filas e aglomera\u00e7\u00f5es nas ag\u00eancias, que colocaram os banc\u00e1rios e a popula\u00e7\u00e3o em alto risco de contamina\u00e7\u00e3o pela covid-19, argumenta.<\/p>\n<p>Para o diretor da Fenae e coordenador da Comiss\u00e3o Executiva de Empregados da Caixa (CEE\/Caixa), Dion\u00edsio Reis, a mobiliza\u00e7\u00e3o &#8220;#MexeuComACaixaMexeuComOBrasil&#8221; ganha ainda mais import\u00e2ncia nesta semana. Por decis\u00e3o da dire\u00e7\u00e3o do banco, a prorroga\u00e7\u00e3o do home office deixou de ser autom\u00e1tica e o retorno dos empregados ao trabalho presencial, em plena pandemia, est\u00e1, desde a \u00faltima quinta-feira (17), a cargo das chefias das \u00e1reas, sem qualquer diretriz nacional.<\/p>\n<p>&#8220;A responsabiliza\u00e7\u00e3o ser\u00e1 civil e criminal, pois o retorno ao trabalho presencial representa uma amea\u00e7a \u00e0 vida das pessoas&#8221;, afirma Reis. &#8220;Tudo indica que, mais uma vez, a dire\u00e7\u00e3o da Caixa ir\u00e1 lavar as m\u00e3os caso ocorra alguma fatalidade\u201d, alerta o diretor da Fenae.<\/p>\n<p>De acordo com o documento enviado (no \u00faltimo dia 16) pela dire\u00e7\u00e3o da Caixa aos gestores da institui\u00e7\u00e3o, a continuidade ou n\u00e3o do chamado &#8220;Projeto Remoto Excepcional&#8221; dever\u00e1 observar &#8220;as orienta\u00e7\u00f5es de Sa\u00fade e Seguran\u00e7a do Minist\u00e9rio da Sa\u00fade\u201d. No entanto, Dion\u00edsio Reis observa que n\u00e3o h\u00e1 qualquer diretriz das vice-presid\u00eancias do banco sobre o assunto.<\/p>\n<p>\u201cA responsabilidade sobre as perdas de vidas, as contamina\u00e7\u00f5es e os problemas com os decretos municipais e estaduais v\u00e3o cair nas costas dos gestores\u201d, alerta. \u201cOs empregados continuam na incerteza e a Caixa est\u00e1 \u2018lavando as m\u00e3os\u2019\u201d, refor\u00e7a o diretor da Fenae. do banco<\/p>\n","protected":false},"excerpt":{"rendered":"<p>Nesta quinta-feira (23), declara\u00e7\u00f5es do presidente da Caixa refor\u00e7aram, segundo os funcion\u00e1rios, os planos do governo de vender cinco \u00e1reas estrat\u00e9gicas da estatal e at\u00e9 \u201co banco em si\u201d Em todo o pa\u00eds, os empregados da Caixa Econ\u00f4mica Federal participaram, nesta quinta-feira (23), de mobiliza\u00e7\u00e3o virtual contra a privatiza\u00e7\u00e3o do banco e &#8220;o desrespeito da institui\u00e7\u00e3o aos trabalhadores durante a [&hellip;]<\/p>\n","protected":false},"author":27,"featured_media":0,"comment_status":"open","ping_status":"closed","sticky":false,"template":"","format":"standard","meta":{"footnotes":""},"categories":[2719],"tags":[4775,3787,1149,16896,891,4444,16335,98,481,17255,1001,241,1083,351,19,4332],"class_list":["post-17088","post","type-post","status-publish","format-standard","hentry","category-servidor","tag-areas","tag-banco","tag-caixa","tag-coronavirus","tag-empregados","tag-estrategicas","tag-fenae","tag-governo","tag-mobilizacao","tag-pandemia","tag-privatizacao","tag-publico","tag-redes-sociais","tag-sociedade","tag-trabalhadores","tag-vender"],"_links":{"self":[{"href":"https:\/\/blogs.correiobraziliense.com.br\/servidor\/wp-json\/wp\/v2\/posts\/17088","targetHints":{"allow":["GET"]}}],"collection":[{"href":"https:\/\/blogs.correiobraziliense.com.br\/servidor\/wp-json\/wp\/v2\/posts"}],"about":[{"href":"https:\/\/blogs.correiobraziliense.com.br\/servidor\/wp-json\/wp\/v2\/types\/post"}],"author":[{"embeddable":true,"href":"https:\/\/blogs.correiobraziliense.com.br\/servidor\/wp-json\/wp\/v2\/users\/27"}],"replies":[{"embeddable":true,"href":"https:\/\/blogs.correiobraziliense.com.br\/servidor\/wp-json\/wp\/v2\/comments?post=17088"}],"version-history":[{"count":1,"href":"https:\/\/blogs.correiobraziliense.com.br\/servidor\/wp-json\/wp\/v2\/posts\/17088\/revisions"}],"predecessor-version":[{"id":17089,"href":"https:\/\/blogs.correiobraziliense.com.br\/servidor\/wp-json\/wp\/v2\/posts\/17088\/revisions\/17089"}],"wp:attachment":[{"href":"https:\/\/blogs.correiobraziliense.com.br\/servidor\/wp-json\/wp\/v2\/media?parent=17088"}],"wp:term":[{"taxonomy":"category","embeddable":true,"href":"https:\/\/blogs.correiobraziliense.com.br\/servidor\/wp-json\/wp\/v2\/categories?post=17088"},{"taxonomy":"post_tag","embeddable":true,"href":"https:\/\/blogs.correiobraziliense.com.br\/servidor\/wp-json\/wp\/v2\/tags?post=17088"}],"curies":[{"name":"wp","href":"https:\/\/api.w.org\/{rel}","templated":true}]}}