{"id":17077,"date":"2020-07-22T22:16:49","date_gmt":"2020-07-23T01:16:49","guid":{"rendered":"https:\/\/blogs.correiobraziliense.com.br\/servidor\/?p=17077"},"modified":"2020-07-22T22:16:49","modified_gmt":"2020-07-23T01:16:49","slug":"numero-de-contaminados-pelo-coronavirus-em-presidios-aumenta-em-quase-100-em-30-dias","status":"publish","type":"post","link":"https:\/\/blogs.correiobraziliense.com.br\/servidor\/numero-de-contaminados-pelo-coronavirus-em-presidios-aumenta-em-quase-100-em-30-dias\/","title":{"rendered":"N\u00famero de contaminados pelo coronav\u00edrus em pres\u00eddios aumenta em quase 100% em 30 dias"},"content":{"rendered":"<p><em><strong>Foram quase 13.778 ocorr\u00eancias, alta de 99,3% nos casos de contamina\u00e7\u00e3o pelo novo coronav\u00edrus nos \u00faltimos 30 dias, de presidi\u00e1rios, pessoas em sistema socioeducativo e servidores, segundo dados do Departamento de Monitoramento e Fiscaliza\u00e7\u00e3o do Sistema Carcer\u00e1rio (GMF) e do Sistema de Execu\u00e7\u00e3o de Medidas Socioeducativas do Conselho Nacional de Justi\u00e7a (DMF\/CNJ). Nessa semana forma registrados 2.356 \u00f3bitos no sistema socioeducativo, crescimento de 80,2%\u00a0<\/strong><\/em><\/p>\n<p>O CNJ tamb\u00e9m atualizou nesta quarta-feira (22\/7) os dados dos (GMFs) de Tribunais de Justi\u00e7a. Subiu de 17 para 20 o n\u00famero de estados que detalharam informa\u00e7\u00f5es sobre recursos dispon\u00edveis para o enfrentamento \u00e0 pandemia em unidades de priva\u00e7\u00e3o de liberdade \u2013 como equipamentos de prote\u00e7\u00e3o individual (EPIs), alimenta\u00e7\u00e3o, fornecimento de \u00e1gua e material de higiene e limpeza, al\u00e9m de medicamentos e equipes de sa\u00fade.<\/p>\n<p>Os\u00a0GMFs apontam tamb\u00e9m crescimento no n\u00famero de exames desde o \u00faltimo levantamento: de 10.528 an\u00e1lises em pessoas presas para 18.607. No caso dos servidores, o n\u00famero aumentou de 9.699 para 19.132. O n\u00famero de exames de Covid-19, embora em percentual menor, tamb\u00e9m cresceu: de 1.905 coletas para 2.758, no caso de socioeducandos; e de 4.791 para 6.541, entre trabalhadores.<\/p>\n<p>Ainda de acordo com o monitoramento, o n\u00famero de comit\u00eas de acompanhamento informados ao CNJ passou de 17 para 21. No que se refere \u00e0s verbas de penas pecuni\u00e1rias, 20 estados relataram ao CNJ a ado\u00e7\u00e3o da medida, totalizando R$ 55,5 milh\u00f5es para combate \u00e0 pandemia.<\/p>\n<p>Enquanto Amap\u00e1, Amazonas, Mato Grosso, Piau\u00ed e Rio Grande do Sul registraram o recebimento de aportes federais para a\u00e7\u00f5es de combate \u00e0 Covid-19 nos ambientes de priva\u00e7\u00e3o de liberdade, S\u00e3o Paulo e Paran\u00e1 receberam recursos do Tesouro estadual. A Justi\u00e7a estadual e \u00f3rg\u00e3os como o Minist\u00e9rio P\u00fablico do Trabalho tamb\u00e9m dispuseram de valores encaminhados a estados como Sergipe e Roraima.<\/p>\n<p><strong>Cont\u00e1gios e \u00f3bitos<\/strong><\/p>\n<p>O boletim semanal sobre contamina\u00e7\u00f5es e \u00f3bitos por Covid-19 \u00e9 publicado \u00e0s quartas-feiras a partir de dados dos poderes p\u00fablicos locais e ocorr\u00eancias informadas ao Departamento Penitenci\u00e1rio Nacional (Depen). O levantamento aponta 1.445 novos casos de coronav\u00edrus entre pessoas privadas de liberdade e 341 entre servidores na \u00faltima semana, com aumento acentuado de registros especialmente entre presos nos estados de Santa Catarina, Mato Grosso e Mato Grosso do Sul.<\/p>\n<p>No caso do sistema socioeducativo, somente nesta semana foram registrados 434 novos casos entre reeducandos e servidores. O monitoramento identifica um aumento destacado de ocorr\u00eancias principalmente entre adolescentes privados de liberdade no estado de S\u00e3o Paulo.<\/p>\n<p>O boletim semanal destaca o desafio quanto \u00e0 padroniza\u00e7\u00e3o metodol\u00f3gica no registro e divulga\u00e7\u00e3o de dados sobre a doen\u00e7a nos sistemas de priva\u00e7\u00e3o de liberdade.<\/p>\n","protected":false},"excerpt":{"rendered":"<p>Foram quase 13.778 ocorr\u00eancias, alta de 99,3% nos casos de contamina\u00e7\u00e3o pelo novo coronav\u00edrus nos \u00faltimos 30 dias, de presidi\u00e1rios, pessoas em sistema socioeducativo e servidores, segundo dados do Departamento de Monitoramento e Fiscaliza\u00e7\u00e3o do Sistema Carcer\u00e1rio (GMF) e do Sistema de Execu\u00e7\u00e3o de Medidas Socioeducativas do Conselho Nacional de Justi\u00e7a (DMF\/CNJ). Nessa semana forma registrados 2.356 \u00f3bitos no sistema [&hellip;]<\/p>\n","protected":false},"author":27,"featured_media":0,"comment_status":"open","ping_status":"closed","sticky":false,"template":"","format":"standard","meta":{"footnotes":""},"categories":[2719],"tags":[9924,254,17959,10474,17335,16896,17256,17958,7208,6819,2447,5864,6047,616,58,4578,19,11522],"class_list":["post-17077","post","type-post","status-publish","format-standard","hentry","category-servidor","tag-analises","tag-cnj","tag-coletas","tag-contaminacao","tag-contaminados","tag-coronavirus","tag-covid-19","tag-dmf","tag-equipes","tag-gmf","tag-medicamentos","tag-obitos","tag-presidios","tag-saude","tag-servidores","tag-teste","tag-trabalhadores","tag-tribunais-de-justica"],"_links":{"self":[{"href":"https:\/\/blogs.correiobraziliense.com.br\/servidor\/wp-json\/wp\/v2\/posts\/17077","targetHints":{"allow":["GET"]}}],"collection":[{"href":"https:\/\/blogs.correiobraziliense.com.br\/servidor\/wp-json\/wp\/v2\/posts"}],"about":[{"href":"https:\/\/blogs.correiobraziliense.com.br\/servidor\/wp-json\/wp\/v2\/types\/post"}],"author":[{"embeddable":true,"href":"https:\/\/blogs.correiobraziliense.com.br\/servidor\/wp-json\/wp\/v2\/users\/27"}],"replies":[{"embeddable":true,"href":"https:\/\/blogs.correiobraziliense.com.br\/servidor\/wp-json\/wp\/v2\/comments?post=17077"}],"version-history":[{"count":1,"href":"https:\/\/blogs.correiobraziliense.com.br\/servidor\/wp-json\/wp\/v2\/posts\/17077\/revisions"}],"predecessor-version":[{"id":17078,"href":"https:\/\/blogs.correiobraziliense.com.br\/servidor\/wp-json\/wp\/v2\/posts\/17077\/revisions\/17078"}],"wp:attachment":[{"href":"https:\/\/blogs.correiobraziliense.com.br\/servidor\/wp-json\/wp\/v2\/media?parent=17077"}],"wp:term":[{"taxonomy":"category","embeddable":true,"href":"https:\/\/blogs.correiobraziliense.com.br\/servidor\/wp-json\/wp\/v2\/categories?post=17077"},{"taxonomy":"post_tag","embeddable":true,"href":"https:\/\/blogs.correiobraziliense.com.br\/servidor\/wp-json\/wp\/v2\/tags?post=17077"}],"curies":[{"name":"wp","href":"https:\/\/api.w.org\/{rel}","templated":true}]}}