{"id":17074,"date":"2020-07-22T20:58:02","date_gmt":"2020-07-22T23:58:02","guid":{"rendered":"https:\/\/blogs.correiobraziliense.com.br\/servidor\/?p=17074"},"modified":"2020-07-22T20:58:02","modified_gmt":"2020-07-22T23:58:02","slug":"26-de-julho-e-o-dia-dos-avos-e-a-brasilprev-divulga-perfil-de-planos-de-previdencia-para-netos","status":"publish","type":"post","link":"https:\/\/blogs.correiobraziliense.com.br\/servidor\/26-de-julho-e-o-dia-dos-avos-e-a-brasilprev-divulga-perfil-de-planos-de-previdencia-para-netos\/","title":{"rendered":"26 de julho \u00e9 o Dia dos Av\u00f3s e a Brasilprev divulga perfil de planos de previd\u00eancia para netos"},"content":{"rendered":"<p><em><strong>Pesquisa da Brasilprev Seguros e Previd\u00eancia, na sua\u00a0 base de clientes, revela que os av\u00f3s s\u00e3o respons\u00e1veis por 56 mil planos Brasilprev J\u00fanior, para pessoas com idade entre 0 e 21 anos<\/strong><\/em><\/p>\n<p><img loading=\"lazy\" decoding=\"async\" class=\"alignright size-large wp-image-17075\" src=\"https:\/\/blogs.correiobraziliense.com.br\/servidor\/wp-content\/uploads\/sites\/10\/2020\/07\/av\u00f3s-1024x715.png\" alt=\"\" width=\"1024\" height=\"715\" srcset=\"https:\/\/blogs.correiobraziliense.com.br\/servidor\/wp-content\/uploads\/sites\/10\/2020\/07\/av\u00f3s-1024x715.png 1024w, https:\/\/blogs.correiobraziliense.com.br\/servidor\/wp-content\/uploads\/sites\/10\/2020\/07\/av\u00f3s-300x210.png 300w, https:\/\/blogs.correiobraziliense.com.br\/servidor\/wp-content\/uploads\/sites\/10\/2020\/07\/av\u00f3s-768x536.png 768w, https:\/\/blogs.correiobraziliense.com.br\/servidor\/wp-content\/uploads\/sites\/10\/2020\/07\/av\u00f3s-1440x1006.png 1440w, https:\/\/blogs.correiobraziliense.com.br\/servidor\/wp-content\/uploads\/sites\/10\/2020\/07\/av\u00f3s-550x384.png 550w, https:\/\/blogs.correiobraziliense.com.br\/servidor\/wp-content\/uploads\/sites\/10\/2020\/07\/av\u00f3s-230x161.png 230w, https:\/\/blogs.correiobraziliense.com.br\/servidor\/wp-content\/uploads\/sites\/10\/2020\/07\/av\u00f3s.png 1751w\" sizes=\"auto, (max-width: 1024px) 100vw, 1024px\" \/><\/p>\n<p>Os av\u00f3s, que t\u00eam em torno de 65 anos, contribuem, em m\u00e9dia, com R$ 205 ao m\u00eas nesses planos. J\u00e1 os netos est\u00e3o com aproximadamente 8 anos de idade m\u00e9dia. O estudo tamb\u00e9m destaca que, na maioria, os planos s\u00e3o da modalidade Vida Gerador de Benef\u00edcio Livre \u2013 VGBL (95%) e est\u00e3o na tabela Regressiva do Imposto de Renda (69%), o que demonstra uma preocupa\u00e7\u00e3o com o longo prazo, tendo em vista que nessa tabela a al\u00edquota do IR vai decrescendo at\u00e9 chegar em 10% ap\u00f3s 10 anos.<\/p>\n<p>\u201cA experi\u00eancia adquirida com os filhos permite aos av\u00f3s compreender a necessidade do planejamento e educa\u00e7\u00e3o financeira dos netos. Iniciar um plano de previd\u00eancia nos primeiros anos de vida de uma crian\u00e7a amplia a possibilidade de viabilizar projetos no in\u00edcio da fase adulta e ensina a eles o caminho de uma vida financeira saud\u00e1vel\u201d, destaca a diretora Comercial e de Marketing da Brasilprev, \u00c2ngela Beatriz de Assis.<\/p>\n<p><strong>Sobre a Brasilprev<\/strong><\/p>\n<p>Com 26 anos de atua\u00e7\u00e3o, a Brasilprev Seguros e Previd\u00eancia S.A tem como acionistas a BB Seguros, bra\u00e7o de seguros, capitaliza\u00e7\u00e3o e previd\u00eancia privada do Banco do Brasil, e a Principal, uma das principais institui\u00e7\u00f5es financeiras dos Estados Unidos. L\u00edder do setor, a companhia conta com mais de R$ 290 bilh\u00f5es em ativos sob gest\u00e3o e uma carteira de 2 milh\u00f5es de clientes. Especialista no neg\u00f3cio de previd\u00eancia privada, com produtos acess\u00edveis e servi\u00e7os diferenciados, a Brasilprev conta com a rede de ag\u00eancias do Banco do Brasil como seu principal canal de distribui\u00e7\u00e3o.<\/p>\n","protected":false},"excerpt":{"rendered":"<p>Pesquisa da Brasilprev Seguros e Previd\u00eancia, na sua\u00a0 base de clientes, revela que os av\u00f3s s\u00e3o respons\u00e1veis por 56 mil planos Brasilprev J\u00fanior, para pessoas com idade entre 0 e 21 anos Os av\u00f3s, que t\u00eam em torno de 65 anos, contribuem, em m\u00e9dia, com R$ 205 ao m\u00eas nesses planos. J\u00e1 os netos est\u00e3o com aproximadamente 8 anos de [&hellip;]<\/p>\n","protected":false},"author":27,"featured_media":0,"comment_status":"open","ping_status":"closed","sticky":false,"template":"","format":"standard","meta":{"footnotes":""},"categories":[2719],"tags":[4414,5626,3521,17957,17955,17956,2626,447,5264,278,953,549,354],"class_list":["post-17074","post","type-post","status-publish","format-standard","hentry","category-servidor","tag-aliquota","tag-brasilprev","tag-clientes","tag-contribuem","tag-dia-dos","tag-dia-dos-avos","tag-filhos","tag-ir","tag-netos","tag-perfil","tag-planos","tag-previdencia","tag-tabela"],"_links":{"self":[{"href":"https:\/\/blogs.correiobraziliense.com.br\/servidor\/wp-json\/wp\/v2\/posts\/17074","targetHints":{"allow":["GET"]}}],"collection":[{"href":"https:\/\/blogs.correiobraziliense.com.br\/servidor\/wp-json\/wp\/v2\/posts"}],"about":[{"href":"https:\/\/blogs.correiobraziliense.com.br\/servidor\/wp-json\/wp\/v2\/types\/post"}],"author":[{"embeddable":true,"href":"https:\/\/blogs.correiobraziliense.com.br\/servidor\/wp-json\/wp\/v2\/users\/27"}],"replies":[{"embeddable":true,"href":"https:\/\/blogs.correiobraziliense.com.br\/servidor\/wp-json\/wp\/v2\/comments?post=17074"}],"version-history":[{"count":1,"href":"https:\/\/blogs.correiobraziliense.com.br\/servidor\/wp-json\/wp\/v2\/posts\/17074\/revisions"}],"predecessor-version":[{"id":17076,"href":"https:\/\/blogs.correiobraziliense.com.br\/servidor\/wp-json\/wp\/v2\/posts\/17074\/revisions\/17076"}],"wp:attachment":[{"href":"https:\/\/blogs.correiobraziliense.com.br\/servidor\/wp-json\/wp\/v2\/media?parent=17074"}],"wp:term":[{"taxonomy":"category","embeddable":true,"href":"https:\/\/blogs.correiobraziliense.com.br\/servidor\/wp-json\/wp\/v2\/categories?post=17074"},{"taxonomy":"post_tag","embeddable":true,"href":"https:\/\/blogs.correiobraziliense.com.br\/servidor\/wp-json\/wp\/v2\/tags?post=17074"}],"curies":[{"name":"wp","href":"https:\/\/api.w.org\/{rel}","templated":true}]}}