{"id":17063,"date":"2020-07-22T15:25:17","date_gmt":"2020-07-22T18:25:17","guid":{"rendered":"https:\/\/blogs.correiobraziliense.com.br\/servidor\/?p=17063"},"modified":"2020-07-22T15:29:01","modified_gmt":"2020-07-22T18:29:01","slug":"nota-das-centrais-sindicais-em-solidariedade-a-greve-dos-metalurgicos-da-renault","status":"publish","type":"post","link":"https:\/\/blogs.correiobraziliense.com.br\/servidor\/nota-das-centrais-sindicais-em-solidariedade-a-greve-dos-metalurgicos-da-renault\/","title":{"rendered":"Nota das centrais sindicais, em solidariedade a greve dos metal\u00fargicos da Renault"},"content":{"rendered":"<p><em><strong>As entidades apontam que a montadora dispensou 700 funcion\u00e1rios sem negociar com o sindicato alternativas para a manuten\u00e7\u00e3o dos empregos, embora tenha recebido incentivos do governo do Estado do Paran\u00e1 exatamente para criar vagas e n\u00e3o demitir<\/strong><\/em><\/p>\n<p>Veja a nota:<\/p>\n<p>&#8220;As centrais sindicais abaixo assinadas est\u00e3o solid\u00e1rias \u00e0 greve por tempo indeterminado dos trabalhadores da Renault de S\u00e3o Jos\u00e9 dos Pinhais\/PR contra as 700 demiss\u00f5es anunciadas pela montadora na ter\u00e7a, 21 de julho de 2020.<\/p>\n<p>Vale destacar que o an\u00fancio das demiss\u00f5es ocorreu antes do prazo de 72h aprovado na sexta-feira, 17, em assembleia da categoria, para que a empresa voltasse a negociar com o Sindicato dos Metal\u00fargicos da Grande Curitiba\/PR (SMC) alternativas para a manuten\u00e7\u00e3o dos empregos.<\/p>\n<p>Repudiamos esta forma intransigente de agir da atual dire\u00e7\u00e3o da planta da Renault em S\u00e3o Jos\u00e9 dos Pinhais\/PR, pois sabemos que a empresa tem recebido incentivos fiscais do governo do Estado do Paran\u00e1 exatamente para gerar e manter empregos.<\/p>\n<p>Colocamos-nos \u00e0 inteira disposi\u00e7\u00e3o dos metal\u00fargicos, liderados pelo SMC nesta greve, inclusive com manifesta\u00e7\u00f5es nas lojas revendedoras da Renault de todo o Pa\u00eds para mostrar \u00e0 sociedade a insensibilidade social da empresa, principalmente neste s\u00e9rio momento de pandemia, em que as perdas de emprego e de renda s\u00e3o ainda muito mais preocupantes e podem levar fam\u00edlias inteiras a riscos sociais muito graves.<\/p>\n<p>S\u00e3o Paulo, 22 de julho de 2020<br \/>\nS\u00e9rgio Nobre &#8211; Presidente da CUT &#8211; Central \u00danica dos Trabalhadores<br \/>\nMiguel Torres &#8211; Presidente da For\u00e7a Sindical<br \/>\nRicardo Patah &#8211; Presidente da UGT \u2013 Uni\u00e3o Geral dos Trabalhadores<br \/>\nAdilson Ara\u00fajo &#8211; Presidente da CTB &#8211; Central dos Trabalhadores e Trabalhadoras do Brasil<br \/>\nJos\u00e9 Calixto Ramos &#8211; Presidente da NCST &#8211; Nova Central Sindical de Trabalhadores<br \/>\nAlvaro Egea &#8211; Secret\u00e1rio geral da CSB &#8211; Central dos Sindicatos Brasileiros<br \/>\nAtn\u00e1goras Lopes &#8211; Secretaria Executiva Nacional da CSP-Conlutas<br \/>\nNilza Pereira de Almeida &#8211; Secret\u00e1ria de Finan\u00e7as da Intersindical &#8211; Central da Classe Trabalhadora<br \/>\nUbiraci Dantas Oliveira &#8211; Presidente da CGTB &#8211; Central Geral dos Trabalhadores do Brasil<br \/>\nEmanuel Melato &#8211; Coordena\u00e7\u00e3o da Intersindical \u2013 Instrumento de Luta e Organiza\u00e7\u00e3o da Classe Trabalhadora<br \/>\nJos\u00e9 Gozze, presidente da P\u00daBLICA, Central do Servidor&#8221;<\/p>\n","protected":false},"excerpt":{"rendered":"<p>As entidades apontam que a montadora dispensou 700 funcion\u00e1rios sem negociar com o sindicato alternativas para a manuten\u00e7\u00e3o dos empregos, embora tenha recebido incentivos do governo do Estado do Paran\u00e1 exatamente para criar vagas e n\u00e3o demitir Veja a nota: &#8220;As centrais sindicais abaixo assinadas est\u00e3o solid\u00e1rias \u00e0 greve por tempo indeterminado dos trabalhadores da Renault de S\u00e3o Jos\u00e9 dos [&hellip;]<\/p>\n","protected":false},"author":27,"featured_media":0,"comment_status":"open","ping_status":"closed","sticky":false,"template":"","format":"standard","meta":{"footnotes":""},"categories":[2719],"tags":[2100,518,1101,606,1378,2603,98,15,8204,128,526,17952,2833],"class_list":["post-17063","post","type-post","status-publish","format-standard","hentry","category-servidor","tag-alternativas","tag-assembleia","tag-centrais-sindicais","tag-demissoes","tag-dispensa","tag-empregos","tag-governo","tag-greve","tag-incentivos","tag-metalurgicos","tag-negociar","tag-renaut","tag-solidariedade"],"_links":{"self":[{"href":"https:\/\/blogs.correiobraziliense.com.br\/servidor\/wp-json\/wp\/v2\/posts\/17063","targetHints":{"allow":["GET"]}}],"collection":[{"href":"https:\/\/blogs.correiobraziliense.com.br\/servidor\/wp-json\/wp\/v2\/posts"}],"about":[{"href":"https:\/\/blogs.correiobraziliense.com.br\/servidor\/wp-json\/wp\/v2\/types\/post"}],"author":[{"embeddable":true,"href":"https:\/\/blogs.correiobraziliense.com.br\/servidor\/wp-json\/wp\/v2\/users\/27"}],"replies":[{"embeddable":true,"href":"https:\/\/blogs.correiobraziliense.com.br\/servidor\/wp-json\/wp\/v2\/comments?post=17063"}],"version-history":[{"count":2,"href":"https:\/\/blogs.correiobraziliense.com.br\/servidor\/wp-json\/wp\/v2\/posts\/17063\/revisions"}],"predecessor-version":[{"id":17065,"href":"https:\/\/blogs.correiobraziliense.com.br\/servidor\/wp-json\/wp\/v2\/posts\/17063\/revisions\/17065"}],"wp:attachment":[{"href":"https:\/\/blogs.correiobraziliense.com.br\/servidor\/wp-json\/wp\/v2\/media?parent=17063"}],"wp:term":[{"taxonomy":"category","embeddable":true,"href":"https:\/\/blogs.correiobraziliense.com.br\/servidor\/wp-json\/wp\/v2\/categories?post=17063"},{"taxonomy":"post_tag","embeddable":true,"href":"https:\/\/blogs.correiobraziliense.com.br\/servidor\/wp-json\/wp\/v2\/tags?post=17063"}],"curies":[{"name":"wp","href":"https:\/\/api.w.org\/{rel}","templated":true}]}}