{"id":17061,"date":"2020-07-22T14:17:06","date_gmt":"2020-07-22T17:17:06","guid":{"rendered":"https:\/\/blogs.correiobraziliense.com.br\/servidor\/?p=17061"},"modified":"2020-07-22T14:17:06","modified_gmt":"2020-07-22T17:17:06","slug":"justica-suspende-concurso-para-oficiais-intendentes-da-marinha","status":"publish","type":"post","link":"https:\/\/blogs.correiobraziliense.com.br\/servidor\/justica-suspende-concurso-para-oficiais-intendentes-da-marinha\/","title":{"rendered":"Justi\u00e7a suspende concurso para oficiais intendentes da Marinha"},"content":{"rendered":"<p><em><strong>Decis\u00e3o da 7\u00aa Vara Federal do Rio de Janeiro atende pedido do MPF, que sustenta que o concurso desrespeitou reserva de cotas para negros e pardos, porque\u00a0foram corrigidas menos reda\u00e7\u00f5es de candidatos cotistas do que seria correto, considerando as normas do edital<\/strong><\/em><\/p>\n<p>A pedido do Minist\u00e9rio P\u00fablico Federal (MPF), a Justi\u00e7a Federal suspendeu o Curso de Forma\u00e7\u00e3o de Oficiais Intendentes da Marinha do Concurso CP-QC-IM\/2018. O MPF moveu a\u00e7\u00e3o civil p\u00fablica para suspender o certame porque constatou que o processo seletivo descumpriu as regras legais referentes \u00e0 cota racial para candidatos negros e pardos.<\/p>\n<p>O concurso previa o preenchimento de dez vagas, com a reserva de duas para candidatos negros, o que atende a legisla\u00e7\u00e3o. No entanto, o edital previu a corre\u00e7\u00e3o das reda\u00e7\u00f5es at\u00e9 o limite de 30 candidatos, considerando o empate nas \u00faltimas posi\u00e7\u00f5es.<\/p>\n<p>O MPF constatou que foram corrigidas menos reda\u00e7\u00f5es de candidatos cotistas do que seria correto, considerando as normas do edital, e que houve equ\u00edvoco no c\u00e1lculo das vagas ao multiplicar-se o total das vagas por tr\u00eas, indiscriminadamente, sem separa\u00e7\u00e3o entre listagem de ampla concorr\u00eancia e vagas reservadas. Com isso, o MPF sustenta que deveriam ser corrigidas 24 provas de candidatos em ampla concorr\u00eancia e seis provas de candidatos cotistas, sempre se considerando os empates em \u00faltima posi\u00e7\u00e3o.<\/p>\n<p>Considerando a jurisprud\u00eancia do Supremo Tribunal Federal no mesmo sentido, o ju\u00edzo da 7\u00aa Vara Federal do Rio de Janeiro acolheu os argumentos do MPF e determinou liminarmente a suspens\u00e3o do concurso at\u00e9 o julgamento do m\u00e9rito da a\u00e7\u00e3o.<\/p>\n<p><a class=\"internal-link\" title=\"Veja a \u00edntegra\" href=\"http:\/\/www.mpf.mp.br\/rj\/sala-de-imprensa\/docs\/pr-rj\/decisao%20concurso%20marinha.PDF\" target=\"_blank\" rel=\"noopener\">Veja aqui a \u00edntegra da decis\u00e3o.<\/a><\/p>\n<p>ACP n. 5031144-34.2020.4.02.5101<\/p>\n","protected":false},"excerpt":{"rendered":"<p>Decis\u00e3o da 7\u00aa Vara Federal do Rio de Janeiro atende pedido do MPF, que sustenta que o concurso desrespeitou reserva de cotas para negros e pardos, porque\u00a0foram corrigidas menos reda\u00e7\u00f5es de candidatos cotistas do que seria correto, considerando as normas do edital A pedido do Minist\u00e9rio P\u00fablico Federal (MPF), a Justi\u00e7a Federal suspendeu o Curso de Forma\u00e7\u00e3o de Oficiais Intendentes [&hellip;]<\/p>\n","protected":false},"author":27,"featured_media":0,"comment_status":"open","ping_status":"closed","sticky":false,"template":"","format":"standard","meta":{"footnotes":""},"categories":[2719],"tags":[178,6189,93,23,96,416,1076,92,4443,260,5277,453,97,928,17950,15171,17951,698,6057],"class_list":["post-17061","post","type-post","status-publish","format-standard","hentry","category-servidor","tag-candidatos","tag-certame","tag-concurso","tag-concursos","tag-cotas","tag-cotistas","tag-curso","tag-edital","tag-formacao","tag-justica","tag-marinha","tag-mpf","tag-negros","tag-normas","tag-oficiais-intendentes","tag-pardos","tag-redacoes","tag-suspende","tag-vara-federal"],"_links":{"self":[{"href":"https:\/\/blogs.correiobraziliense.com.br\/servidor\/wp-json\/wp\/v2\/posts\/17061","targetHints":{"allow":["GET"]}}],"collection":[{"href":"https:\/\/blogs.correiobraziliense.com.br\/servidor\/wp-json\/wp\/v2\/posts"}],"about":[{"href":"https:\/\/blogs.correiobraziliense.com.br\/servidor\/wp-json\/wp\/v2\/types\/post"}],"author":[{"embeddable":true,"href":"https:\/\/blogs.correiobraziliense.com.br\/servidor\/wp-json\/wp\/v2\/users\/27"}],"replies":[{"embeddable":true,"href":"https:\/\/blogs.correiobraziliense.com.br\/servidor\/wp-json\/wp\/v2\/comments?post=17061"}],"version-history":[{"count":1,"href":"https:\/\/blogs.correiobraziliense.com.br\/servidor\/wp-json\/wp\/v2\/posts\/17061\/revisions"}],"predecessor-version":[{"id":17062,"href":"https:\/\/blogs.correiobraziliense.com.br\/servidor\/wp-json\/wp\/v2\/posts\/17061\/revisions\/17062"}],"wp:attachment":[{"href":"https:\/\/blogs.correiobraziliense.com.br\/servidor\/wp-json\/wp\/v2\/media?parent=17061"}],"wp:term":[{"taxonomy":"category","embeddable":true,"href":"https:\/\/blogs.correiobraziliense.com.br\/servidor\/wp-json\/wp\/v2\/categories?post=17061"},{"taxonomy":"post_tag","embeddable":true,"href":"https:\/\/blogs.correiobraziliense.com.br\/servidor\/wp-json\/wp\/v2\/tags?post=17061"}],"curies":[{"name":"wp","href":"https:\/\/api.w.org\/{rel}","templated":true}]}}