{"id":17055,"date":"2020-07-22T11:26:40","date_gmt":"2020-07-22T14:26:40","guid":{"rendered":"https:\/\/blogs.correiobraziliense.com.br\/servidor\/?p=17055"},"modified":"2020-07-22T11:26:40","modified_gmt":"2020-07-22T14:26:40","slug":"fenafisco-aponta-incapacidade-do-governo-de-apresentar-solucoes-estruturais","status":"publish","type":"post","link":"https:\/\/blogs.correiobraziliense.com.br\/servidor\/fenafisco-aponta-incapacidade-do-governo-de-apresentar-solucoes-estruturais\/","title":{"rendered":"Fenafisco aponta incapacidade do governo de apresentar solu\u00e7\u00f5es estruturais"},"content":{"rendered":"<p><em><strong>Por meio de nota, a Fenafisco afirma que a reforma tribut\u00e1ria divulgada ontem pelo governo, com a &#8220;acanhada fus\u00e3o de dois tributos federais&#8221;, sequer &#8220;mexeu na ferida&#8221;, ou seja, n\u00e3o teve a capacidade de &#8220;mudar o sistema de impostos que sobrecarrega os mais pobres, privilegia os super-ricos, concentra as receitas na Uni\u00e3o e asfixia estados e munic\u00edpios&#8221;<\/strong><\/em><\/p>\n<p>Veja a nota:<\/p>\n<p>&#8220;A Fenafisco (Federa\u00e7\u00e3o Nacional do Fisco Estadual e Distrital) considera t\u00edmida e insuficiente a proposta de reforma tribut\u00e1ria apresentada ontem pelo Minist\u00e9rio da Economia. Em um momento de crise profunda, o governo desperdi\u00e7a a oportunidade de realizar mudan\u00e7as que tornem o sistema tribut\u00e1rio mais progressivo. Ap\u00f3s um ano de espera, chega a ser constrangedora a incapacidade do governo de apresentar solu\u00e7\u00f5es estruturais, limitando-se \u00e0 mera e acanhada fus\u00e3o de dois tributos federais.<\/p>\n<p>A hist\u00f3ria nos ensina que em momentos de cat\u00e1strofe econ\u00f4mica, o papel do Estado deve ser refor\u00e7ado e a tributa\u00e7\u00e3o cumpre papel importante nesse processo. Se bem calibrada, ela pode ser usada como instrumento de pol\u00edtica p\u00fablica para frear o impacto da crise no crescimento da desigualdade. Para isso, \u00e9 preciso mexer na ferida, ou seja, mudar o sistema de impostos que sobrecarrega os mais pobres, privilegia os super-ricos, concentra as receitas na Uni\u00e3o e asfixia estados e munic\u00edpios.<\/p>\n<p>Mais do que nunca, agora \u00e9 hora do governo federal colocar em pr\u00e1tica sua ret\u00f3rica dos tempos de campanha: \u201cMenos Bras\u00edlia e mais Brasil\u201d. Acima de tudo, \u00e9 preciso consci\u00eancia na a\u00e7\u00e3o parlamentar, bem como de todos os membros da sociedade brasileira que querem um pa\u00eds justo, democr\u00e1tico e minimamente civilizado.&#8221;<\/p>\n","protected":false},"excerpt":{"rendered":"<p>Por meio de nota, a Fenafisco afirma que a reforma tribut\u00e1ria divulgada ontem pelo governo, com a &#8220;acanhada fus\u00e3o de dois tributos federais&#8221;, sequer &#8220;mexeu na ferida&#8221;, ou seja, n\u00e3o teve a capacidade de &#8220;mudar o sistema de impostos que sobrecarrega os mais pobres, privilegia os super-ricos, concentra as receitas na Uni\u00e3o e asfixia estados e munic\u00edpios&#8221; Veja a nota: [&hellip;]<\/p>\n","protected":false},"author":27,"featured_media":0,"comment_status":"open","ping_status":"closed","sticky":false,"template":"","format":"standard","meta":{"footnotes":""},"categories":[2719],"tags":[305,943,1897,59,4320,98,2770,17949,944,2369,326,12193,961,1360,10250,1825,330],"class_list":["post-17055","post","type-post","status-publish","format-standard","hentry","category-servidor","tag-campanha","tag-estados","tag-estruturais","tag-federais","tag-fenafisco","tag-governo","tag-impostos","tag-l-fusao","tag-municipios","tag-pobres","tag-receitas","tag-reforma-tributaria","tag-sistema","tag-solucoes","tag-super-ricos","tag-tributos","tag-uniao"],"_links":{"self":[{"href":"https:\/\/blogs.correiobraziliense.com.br\/servidor\/wp-json\/wp\/v2\/posts\/17055","targetHints":{"allow":["GET"]}}],"collection":[{"href":"https:\/\/blogs.correiobraziliense.com.br\/servidor\/wp-json\/wp\/v2\/posts"}],"about":[{"href":"https:\/\/blogs.correiobraziliense.com.br\/servidor\/wp-json\/wp\/v2\/types\/post"}],"author":[{"embeddable":true,"href":"https:\/\/blogs.correiobraziliense.com.br\/servidor\/wp-json\/wp\/v2\/users\/27"}],"replies":[{"embeddable":true,"href":"https:\/\/blogs.correiobraziliense.com.br\/servidor\/wp-json\/wp\/v2\/comments?post=17055"}],"version-history":[{"count":1,"href":"https:\/\/blogs.correiobraziliense.com.br\/servidor\/wp-json\/wp\/v2\/posts\/17055\/revisions"}],"predecessor-version":[{"id":17056,"href":"https:\/\/blogs.correiobraziliense.com.br\/servidor\/wp-json\/wp\/v2\/posts\/17055\/revisions\/17056"}],"wp:attachment":[{"href":"https:\/\/blogs.correiobraziliense.com.br\/servidor\/wp-json\/wp\/v2\/media?parent=17055"}],"wp:term":[{"taxonomy":"category","embeddable":true,"href":"https:\/\/blogs.correiobraziliense.com.br\/servidor\/wp-json\/wp\/v2\/categories?post=17055"},{"taxonomy":"post_tag","embeddable":true,"href":"https:\/\/blogs.correiobraziliense.com.br\/servidor\/wp-json\/wp\/v2\/tags?post=17055"}],"curies":[{"name":"wp","href":"https:\/\/api.w.org\/{rel}","templated":true}]}}