{"id":17049,"date":"2020-07-21T17:46:23","date_gmt":"2020-07-21T20:46:23","guid":{"rendered":"https:\/\/blogs.correiobraziliense.com.br\/servidor\/?p=17049"},"modified":"2020-07-21T17:46:23","modified_gmt":"2020-07-21T20:46:23","slug":"servidores-fazem-paralisacao-de-24-horas-contra-reforma-da-previdencia-do-gdf","status":"publish","type":"post","link":"https:\/\/blogs.correiobraziliense.com.br\/servidor\/servidores-fazem-paralisacao-de-24-horas-contra-reforma-da-previdencia-do-gdf\/","title":{"rendered":"Servidores fazem paralisa\u00e7\u00e3o de 24 horas contra reforma da Previd\u00eancia do GDF"},"content":{"rendered":"<p><em><strong>Os funcion\u00e1rios p\u00fablicos far\u00e3o assembleia amanh\u00e3 (22). Na pauta est\u00e1 tamb\u00e9m o pagamento da terceira parcela do reajuste salarial, a conclus\u00e3o do concurso p\u00fablico da assist\u00eancia social e devolu\u00e7\u00e3o da gratifica\u00e7\u00e3o dos aposentados<\/strong><\/em><\/p>\n<p>O Sindicato dos Servidores da Assist\u00eancia Social e Cultural do GDF (Sindsasc) far\u00e1, amanh\u00e3 (22 de julho), \u00e0s 9 horas, uma assembleia geral, com distanciamento social, no audit\u00f3rio da Associa\u00e7\u00e3o Comercial do DF (SCS, Quadra 2). A categoria faz tamb\u00e9m paralisa\u00e7\u00e3o de 24 horas nesta quarta. Na pauta da assembleia est\u00e3o o pagamento da terceira parcela do reajuste dos servidores, a conclus\u00e3o do concurso p\u00fablico da assist\u00eancia social, a devolu\u00e7\u00e3o da Gratifica\u00e7\u00e3o por Pol\u00edticas Sociais (GPS) aos aposentados, o tratamento dispensado aos servidores durante a pandemia, e a revoga\u00e7\u00e3o Projeto de Lei Complementar (PLC 46\/2020 &#8211; aprovado pela C\u00e2mara Legislativa) que reduz os sal\u00e1rios dos servidores do GDF.<\/p>\n<p>A assembleia tem esquema de participa\u00e7\u00e3o mista, reunindo servidores presencialmente e por meio de videoconfer\u00eancia e de redes sociais. O Sindsasc reivindica melhores condi\u00e7\u00f5es para os servidores da assist\u00eancia social durante a pandemia. A categoria foi classificada como servi\u00e7o p\u00fablico essencial, por\u00e9m os servidores n\u00e3o t\u00eam recebido o apoio que precisam do Governo do Distrito Federal. \u201cN\u00e3o recebemos todos os equipamentos de prote\u00e7\u00e3o individual (EPIs) necess\u00e1rios e a lei que determina a testagem quinzenal dos servidores tem sido descumprida\u201d, denuncia o presidente do Sindsasc, Clayton Avelar.<\/p>\n<p><strong>Nova Previd\u00eancia<\/strong><\/p>\n<p>Contr\u00e1rio \u00e0 aprova\u00e7\u00e3o do projeto de lei que estabelece o desconto linear de 14% para todos os servidores p\u00fablicos ativos e de 11% a 14% para os aposentados do Governo do Distrito Federal (GDF), o sindicato prepara medidas judiciais para conter as mudan\u00e7as. \u201cO projeto diminui os sal\u00e1rios dos servidores e possui problemas jur\u00eddicos\u201d, diz Clayton.<\/p>\n<p>C<strong>oncurso p\u00fablico<\/strong><\/p>\n<p>Para desafogar o atendimento na assist\u00eancia social, os trabalhadores da categoria reivindicam a nomea\u00e7\u00e3o dos aprovados no concurso p\u00fablico de 2019, que est\u00e1 em fase final. Para o Sindsasc, a nomea\u00e7\u00e3o de todos os aprovados \u00e9 quest\u00e3o emergencial, j\u00e1 que a assist\u00eancia social opera com apenas 10% dos servidores necess\u00e1rios para atender \u00e0 demanda que cresceu com a pandemia de Covid-19. De acordo com levantamento do sindicato, 500 dos 1.000 servidores da ativa est\u00e3o trabalhando atualmente, porque parte deles est\u00e3o afastados de suas fun\u00e7\u00f5es por pertencerem ao grupo de risco da doen\u00e7a.<\/p>\n<p>Ainda sobre o certame, o presidente da entidade explica que h\u00e1 dois cen\u00e1rios de concursandos. \u201cTemos os aprovados que aguardam a nomea\u00e7\u00e3o, os que precisam concluir o curso de forma\u00e7\u00e3o\u201d, detalha.<\/p>\n<p><strong>Sal\u00e1rios<\/strong><\/p>\n<p>O sindicato cobra ainda o pagamento da terceira parcela do reajuste salarial concedido por lei em 2013. A reivindica\u00e7\u00e3o \u00e9 uma luta da categoria que atravessa os governos de Rodrigo Rollemberg e de Ibaneis Rocha, que n\u00e3o se mostrou favor\u00e1vel \u00e0 solu\u00e7\u00e3o do problema. O sindicato coloca em pauta a GPS dos aposentados. A entidade tem na Justi\u00e7a processos contra o corte do benef\u00edcio e cobra do GDF a devolu\u00e7\u00e3o, j\u00e1 que a gratifica\u00e7\u00e3o \u00e9 parte importante na composi\u00e7\u00e3o salarial dos servidores aposentados.<\/p>\n","protected":false},"excerpt":{"rendered":"<p>Os funcion\u00e1rios p\u00fablicos far\u00e3o assembleia amanh\u00e3 (22). Na pauta est\u00e1 tamb\u00e9m o pagamento da terceira parcela do reajuste salarial, a conclus\u00e3o do concurso p\u00fablico da assist\u00eancia social e devolu\u00e7\u00e3o da gratifica\u00e7\u00e3o dos aposentados O Sindicato dos Servidores da Assist\u00eancia Social e Cultural do GDF (Sindsasc) far\u00e1, amanh\u00e3 (22 de julho), \u00e0s 9 horas, uma assembleia geral, com distanciamento social, no [&hellip;]<\/p>\n","protected":false},"author":27,"featured_media":0,"comment_status":"open","ping_status":"closed","sticky":false,"template":"","format":"standard","meta":{"footnotes":""},"categories":[2719],"tags":[345,518,2108,6895,1851,17650,2692,7999,333,151,17255,506,6210,17947,63,9727,18,58,11776],"class_list":["post-17049","post","type-post","status-publish","format-standard","hentry","category-servidor","tag-aposentados","tag-assembleia","tag-assistencia-social","tag-camara-legislativa","tag-concurso-publico","tag-distanciamento","tag-gdf","tag-gps","tag-gratificacao","tag-pagamento","tag-pandemia","tag-paralisacao","tag-parcela","tag-plc-46-2020","tag-reajuste","tag-reforma-da-previdencia","tag-salarial","tag-servidores","tag-sindsasc"],"_links":{"self":[{"href":"https:\/\/blogs.correiobraziliense.com.br\/servidor\/wp-json\/wp\/v2\/posts\/17049","targetHints":{"allow":["GET"]}}],"collection":[{"href":"https:\/\/blogs.correiobraziliense.com.br\/servidor\/wp-json\/wp\/v2\/posts"}],"about":[{"href":"https:\/\/blogs.correiobraziliense.com.br\/servidor\/wp-json\/wp\/v2\/types\/post"}],"author":[{"embeddable":true,"href":"https:\/\/blogs.correiobraziliense.com.br\/servidor\/wp-json\/wp\/v2\/users\/27"}],"replies":[{"embeddable":true,"href":"https:\/\/blogs.correiobraziliense.com.br\/servidor\/wp-json\/wp\/v2\/comments?post=17049"}],"version-history":[{"count":1,"href":"https:\/\/blogs.correiobraziliense.com.br\/servidor\/wp-json\/wp\/v2\/posts\/17049\/revisions"}],"predecessor-version":[{"id":17050,"href":"https:\/\/blogs.correiobraziliense.com.br\/servidor\/wp-json\/wp\/v2\/posts\/17049\/revisions\/17050"}],"wp:attachment":[{"href":"https:\/\/blogs.correiobraziliense.com.br\/servidor\/wp-json\/wp\/v2\/media?parent=17049"}],"wp:term":[{"taxonomy":"category","embeddable":true,"href":"https:\/\/blogs.correiobraziliense.com.br\/servidor\/wp-json\/wp\/v2\/categories?post=17049"},{"taxonomy":"post_tag","embeddable":true,"href":"https:\/\/blogs.correiobraziliense.com.br\/servidor\/wp-json\/wp\/v2\/tags?post=17049"}],"curies":[{"name":"wp","href":"https:\/\/api.w.org\/{rel}","templated":true}]}}