{"id":17047,"date":"2020-07-21T14:38:59","date_gmt":"2020-07-21T17:38:59","guid":{"rendered":"https:\/\/blogs.correiobraziliense.com.br\/servidor\/?p=17047"},"modified":"2020-07-21T14:38:59","modified_gmt":"2020-07-21T17:38:59","slug":"para-evitar-aglomeracao-inss-vai-pedir-selfie-para-prova-de-vida-de-aposentados","status":"publish","type":"post","link":"https:\/\/blogs.correiobraziliense.com.br\/servidor\/para-evitar-aglomeracao-inss-vai-pedir-selfie-para-prova-de-vida-de-aposentados\/","title":{"rendered":"Para evitar aglomera\u00e7\u00e3o, INSS vai pedir &#8220;selfie&#8221; para prova de vida de aposentados"},"content":{"rendered":"<p><em><strong>Nova prova de vida \u00e0 dist\u00e2ncia, com reconhecimento facial, come\u00e7ar\u00e1 a valer a partir de agosto<\/strong><\/em><\/p>\n<p>O Instituto Nacional do Seguro Social (INSS) deve iniciar em agosto, com novidade, uma nova etapa de testes para que aposentados n\u00e3o precisem fazer a prova de vida anual em uma ag\u00eancia banc\u00e1ria. Para evitar aglomera\u00e7\u00f5es, devido \u00e0 pandemia pela covid-19, os idosos dever\u00e3o usar o reconhecimento facial, com o envio uma &#8216;selfie&#8217; do benefici\u00e1rio, segundo informou o Brasil Econ\u00f4mico.<\/p>\n<p>Com a foto pelo celular, o aposentado deve enviar ao INSS e aguardar a verifica\u00e7\u00e3o do \u00f3rg\u00e3o. Por enquanto, a iniciativa \u00e9 um projeto-piloto para uma pequena parte do benefici\u00e1rios, cerca de 550 mil pessoas. Por meio de nota, o INSS informou que ainda n\u00e3o h\u00e1 detalhes sobre o projeto. &#8220;O que h\u00e1 de informa\u00e7\u00f5es, por ora, \u00e9 que o piloto da prova de vida digital, atrav\u00e9s da biometria facial, ter\u00e1 in\u00edcio em agosto.\u00a0Em breve detalhes ser\u00e3o divulgados&#8221;, afirmou a assessoria de imprensa.<\/p>\n<div><\/div>\n","protected":false},"excerpt":{"rendered":"<p>Nova prova de vida \u00e0 dist\u00e2ncia, com reconhecimento facial, come\u00e7ar\u00e1 a valer a partir de agosto O Instituto Nacional do Seguro Social (INSS) deve iniciar em agosto, com novidade, uma nova etapa de testes para que aposentados n\u00e3o precisem fazer a prova de vida anual em uma ag\u00eancia banc\u00e1ria. Para evitar aglomera\u00e7\u00f5es, devido \u00e0 pandemia pela covid-19, os idosos dever\u00e3o [&hellip;]<\/p>\n","protected":false},"author":27,"featured_media":0,"comment_status":"open","ping_status":"closed","sticky":false,"template":"","format":"standard","meta":{"footnotes":""},"categories":[2719],"tags":[879,17354,2197,17256,17946,8507,11,17255,16078,3923,17945],"class_list":["post-17047","post","type-post","status-publish","format-standard","hentry","category-servidor","tag-agencias","tag-aglomeracoes","tag-celular","tag-covid-19","tag-facial","tag-foto","tag-inss","tag-pandemia","tag-prova-de-vida","tag-reconhecimento","tag-selfie"],"_links":{"self":[{"href":"https:\/\/blogs.correiobraziliense.com.br\/servidor\/wp-json\/wp\/v2\/posts\/17047","targetHints":{"allow":["GET"]}}],"collection":[{"href":"https:\/\/blogs.correiobraziliense.com.br\/servidor\/wp-json\/wp\/v2\/posts"}],"about":[{"href":"https:\/\/blogs.correiobraziliense.com.br\/servidor\/wp-json\/wp\/v2\/types\/post"}],"author":[{"embeddable":true,"href":"https:\/\/blogs.correiobraziliense.com.br\/servidor\/wp-json\/wp\/v2\/users\/27"}],"replies":[{"embeddable":true,"href":"https:\/\/blogs.correiobraziliense.com.br\/servidor\/wp-json\/wp\/v2\/comments?post=17047"}],"version-history":[{"count":1,"href":"https:\/\/blogs.correiobraziliense.com.br\/servidor\/wp-json\/wp\/v2\/posts\/17047\/revisions"}],"predecessor-version":[{"id":17048,"href":"https:\/\/blogs.correiobraziliense.com.br\/servidor\/wp-json\/wp\/v2\/posts\/17047\/revisions\/17048"}],"wp:attachment":[{"href":"https:\/\/blogs.correiobraziliense.com.br\/servidor\/wp-json\/wp\/v2\/media?parent=17047"}],"wp:term":[{"taxonomy":"category","embeddable":true,"href":"https:\/\/blogs.correiobraziliense.com.br\/servidor\/wp-json\/wp\/v2\/categories?post=17047"},{"taxonomy":"post_tag","embeddable":true,"href":"https:\/\/blogs.correiobraziliense.com.br\/servidor\/wp-json\/wp\/v2\/tags?post=17047"}],"curies":[{"name":"wp","href":"https:\/\/api.w.org\/{rel}","templated":true}]}}