{"id":17045,"date":"2020-07-21T14:12:50","date_gmt":"2020-07-21T17:12:50","guid":{"rendered":"https:\/\/blogs.correiobraziliense.com.br\/servidor\/?p=17045"},"modified":"2020-07-21T14:12:50","modified_gmt":"2020-07-21T17:12:50","slug":"serie-de-webinarios-sobre-inclusao-e-acessibilidade-continua-nesta-quinta-feira","status":"publish","type":"post","link":"https:\/\/blogs.correiobraziliense.com.br\/servidor\/serie-de-webinarios-sobre-inclusao-e-acessibilidade-continua-nesta-quinta-feira\/","title":{"rendered":"S\u00e9rie de webin\u00e1rios sobre inclus\u00e3o e acessibilidade continua nesta quinta-feira"},"content":{"rendered":"<p style=\"font-weight: 400\"><em>O segundo encontro abordar\u00e1 a promo\u00e7\u00e3o e o monitoramento de pol\u00edticas p\u00fablicas. Inscri\u00e7\u00f5es gratuitas<\/em><\/p>\n<p style=\"font-weight: 400\">Nesta\u00a0quinta-feira (23\/7), \u00e0s\u00a017 horas, ter\u00e1 continuidade a s\u00e9rie \u201cWebin\u00e1rios sobre inclus\u00e3o e acessibilidade\u201d, promovida pela Rede de Acessibilidade, com apoio do Tribunal de Contas da Uni\u00e3o (TCU). O segundo encontro discutir\u00e1 a\u00a0promo\u00e7\u00e3o de pol\u00edticas p\u00fablicas e seu monitoramento.<\/p>\n<p style=\"font-weight: 400\">Participar\u00e3o do evento, a secret\u00e1ria Nacional dos Direitos da Pessoa com Defici\u00eancia,\u00a0Priscilla Gaspar, o presidente do Conselho Nacional da Pessoa com Defici\u00eancia,\u00a0Marco Castilho, e o procurador do Minist\u00e9rio P\u00fablico de Contas junto ao TCU, S\u00e9rgio Carib\u00e9.<\/p>\n<p style=\"font-weight: 400\">Os webin\u00e1rios ser\u00e3o transmitidos ao vivo pelo canal do TCU no\u00a0YouTube.<\/p>\n<p style=\"font-weight: 400\">As inscri\u00e7\u00f5es s\u00e3o gratuitas e abertas \u00e0 sociedade em geral, gestores p\u00fablicos, pessoas com defici\u00eancia, entidades com atua\u00e7\u00e3o na \u00e1rea, e poder\u00e3o ser feitas no portal do TCU.<\/p>\n<p style=\"font-weight: 400\">Para acessar a programa\u00e7\u00e3o e fazer sua inscri\u00e7\u00e3o,\u00a0<a href=\"https:\/\/portal.tcu.gov.br\/eventos\/lista-de-eventos\/webinarios-sobre-inclusao-e-acessibilidade.htm\">clique aqui<\/a>.<\/p>\n","protected":false},"excerpt":{"rendered":"<p>O segundo encontro abordar\u00e1 a promo\u00e7\u00e3o e o monitoramento de pol\u00edticas p\u00fablicas. Inscri\u00e7\u00f5es gratuitas Nesta\u00a0quinta-feira (23\/7), \u00e0s\u00a017 horas, ter\u00e1 continuidade a s\u00e9rie \u201cWebin\u00e1rios sobre inclus\u00e3o e acessibilidade\u201d, promovida pela Rede de Acessibilidade, com apoio do Tribunal de Contas da Uni\u00e3o (TCU). O segundo encontro discutir\u00e1 a\u00a0promo\u00e7\u00e3o de pol\u00edticas p\u00fablicas e seu monitoramento. Participar\u00e3o do evento, a secret\u00e1ria Nacional dos Direitos [&hellip;]<\/p>\n","protected":false},"author":27,"featured_media":0,"comment_status":"open","ping_status":"closed","sticky":false,"template":"","format":"standard","meta":{"footnotes":""},"categories":[2719],"tags":[169,3074,4384,6277,448,706,1633,635,17843,912],"class_list":["post-17045","post","type-post","status-publish","format-standard","hentry","category-servidor","tag-acessibilidade","tag-deficiencia","tag-gestores","tag-inclusao","tag-pessoa","tag-politicas","tag-publicas","tag-tcu","tag-webinarios","tag-youtube"],"_links":{"self":[{"href":"https:\/\/blogs.correiobraziliense.com.br\/servidor\/wp-json\/wp\/v2\/posts\/17045","targetHints":{"allow":["GET"]}}],"collection":[{"href":"https:\/\/blogs.correiobraziliense.com.br\/servidor\/wp-json\/wp\/v2\/posts"}],"about":[{"href":"https:\/\/blogs.correiobraziliense.com.br\/servidor\/wp-json\/wp\/v2\/types\/post"}],"author":[{"embeddable":true,"href":"https:\/\/blogs.correiobraziliense.com.br\/servidor\/wp-json\/wp\/v2\/users\/27"}],"replies":[{"embeddable":true,"href":"https:\/\/blogs.correiobraziliense.com.br\/servidor\/wp-json\/wp\/v2\/comments?post=17045"}],"version-history":[{"count":1,"href":"https:\/\/blogs.correiobraziliense.com.br\/servidor\/wp-json\/wp\/v2\/posts\/17045\/revisions"}],"predecessor-version":[{"id":17046,"href":"https:\/\/blogs.correiobraziliense.com.br\/servidor\/wp-json\/wp\/v2\/posts\/17045\/revisions\/17046"}],"wp:attachment":[{"href":"https:\/\/blogs.correiobraziliense.com.br\/servidor\/wp-json\/wp\/v2\/media?parent=17045"}],"wp:term":[{"taxonomy":"category","embeddable":true,"href":"https:\/\/blogs.correiobraziliense.com.br\/servidor\/wp-json\/wp\/v2\/categories?post=17045"},{"taxonomy":"post_tag","embeddable":true,"href":"https:\/\/blogs.correiobraziliense.com.br\/servidor\/wp-json\/wp\/v2\/tags?post=17045"}],"curies":[{"name":"wp","href":"https:\/\/api.w.org\/{rel}","templated":true}]}}