{"id":17043,"date":"2020-07-21T11:31:51","date_gmt":"2020-07-21T14:31:51","guid":{"rendered":"https:\/\/blogs.correiobraziliense.com.br\/servidor\/?p=17043"},"modified":"2020-07-21T11:31:51","modified_gmt":"2020-07-21T14:31:51","slug":"cvm-debate-perspectivas-de-investimento-em-titulos-verdes-sustentaveis-no-brasil","status":"publish","type":"post","link":"https:\/\/blogs.correiobraziliense.com.br\/servidor\/cvm-debate-perspectivas-de-investimento-em-titulos-verdes-sustentaveis-no-brasil\/","title":{"rendered":"CVM debate perspectivas de investimento em t\u00edtulos verdes sustent\u00e1veis no Brasil"},"content":{"rendered":"<p style=\"font-weight: 400\">Webin\u00e1rios, em portugu\u00eas, promovidos pela CVM, contam com a parceria de BID, SSE Initiative e B3, e apoio do LAB. Inscri\u00e7\u00f5es pelo site da autarquia<\/p>\n<p style=\"font-weight: 400\">A Comiss\u00e3o de Valores Mobili\u00e1rios (CVM) far\u00e1 tr\u00eas eventos online a respeito das<em>\u00a0&#8220;<\/em>Tend\u00eancias sobre T\u00edtulos Verdes e Sustent\u00e1veis no Brasil&#8221;. Os semin\u00e1rios online ser\u00e3o em parceria com o Banco Interamericano de Desenvolvimento (BID), a SSE Initiative e a B3 \u2013 Brasil, Bolsa e Balc\u00e3o, com o apoio do Laborat\u00f3rio de Inova\u00e7\u00e3o Financeira (LAB).<\/p>\n<p style=\"font-weight: 400\">&#8220;O objetivo dos webinars \u00e9 conhecer melhor as perspectivas de investidores e emissores em rela\u00e7\u00e3o ao financiamento de projetos voltados \u00e0 tem\u00e1tica sustent\u00e1vel, estrat\u00e9gia cada vez mais presente no mercado de capitais e cujo desenvolvimento nos cabe assegurar que se d\u00ea em base s\u00f3lida e transparente&#8221;, comentou o presidente da CVM, Marcelo Barbosa.<\/p>\n<p style=\"font-weight: 400\"><strong>Confira a programa\u00e7\u00e3o:<\/strong><\/p>\n<ul style=\"font-weight: 400\">\n<li><strong>29\/7, 11h:<\/strong>\u00a0T\u00edtulos verdes, sociais e sustent\u00e1veis: panorama atual e como implementar<\/li>\n<\/ul>\n<ul style=\"font-weight: 400\">\n<li><strong>12\/8, 11h:<\/strong>\u00a0Tend\u00eancias de mercado e regulat\u00f3rias para fomentar T\u00edtulos Verdes e Sustent\u00e1veis no Brasil<\/li>\n<\/ul>\n<ul style=\"font-weight: 400\">\n<li><strong>9\/9, 11h:\u00a0<\/strong>A relev\u00e2ncia da divulga\u00e7\u00e3o de riscos financeiros relacionados ao clima para investidores e emissores<\/li>\n<\/ul>\n<p style=\"font-weight: 400\">\n<p style=\"font-weight: 400\">As inscri\u00e7\u00f5es s\u00e3o realizadas pelo\u00a0<strong><a href=\"https:\/\/register.gotowebinar.com\/rt\/7851528279676780047\">site<\/a><\/strong>. A s\u00e9rie de transmiss\u00f5es online ser\u00e1 em portugu\u00eas.<\/p>\n<p style=\"font-weight: 400\"><strong>Mais informa\u00e7\u00f5es<\/strong><\/p>\n<p style=\"font-weight: 400\">Outros detalhes em\u00a0<a href=\"https:\/\/www.greenfinancelac.org\/event\/\">https:\/\/www.greenfinancelac.org\/event\/<\/a><em>.<\/em><\/p>\n","protected":false},"excerpt":{"rendered":"<p>Webin\u00e1rios, em portugu\u00eas, promovidos pela CVM, contam com a parceria de BID, SSE Initiative e B3, e apoio do LAB. Inscri\u00e7\u00f5es pelo site da autarquia A Comiss\u00e3o de Valores Mobili\u00e1rios (CVM) far\u00e1 tr\u00eas eventos online a respeito das\u00a0&#8220;Tend\u00eancias sobre T\u00edtulos Verdes e Sustent\u00e1veis no Brasil&#8221;. Os semin\u00e1rios online ser\u00e3o em parceria com o Banco Interamericano de Desenvolvimento (BID), a SSE [&hellip;]<\/p>\n","protected":false},"author":27,"featured_media":0,"comment_status":"open","ping_status":"closed","sticky":false,"template":"","format":"standard","meta":{"footnotes":""},"categories":[2719],"tags":[5795,1653,164,3331,215,3355,17944,1619,217,17942,489,17941,13007,1608,12934,17943],"class_list":["post-17043","post","type-post","status-publish","format-standard","hentry","category-servidor","tag-b3","tag-bid","tag-brasil","tag-capitais","tag-cvm","tag-desenvolvimento","tag-emissores","tag-investidores","tag-investimento","tag-lab","tag-mercado","tag-sse-initiative","tag-sustentaveis","tag-titulos","tag-transparentes","tag-verdes"],"_links":{"self":[{"href":"https:\/\/blogs.correiobraziliense.com.br\/servidor\/wp-json\/wp\/v2\/posts\/17043","targetHints":{"allow":["GET"]}}],"collection":[{"href":"https:\/\/blogs.correiobraziliense.com.br\/servidor\/wp-json\/wp\/v2\/posts"}],"about":[{"href":"https:\/\/blogs.correiobraziliense.com.br\/servidor\/wp-json\/wp\/v2\/types\/post"}],"author":[{"embeddable":true,"href":"https:\/\/blogs.correiobraziliense.com.br\/servidor\/wp-json\/wp\/v2\/users\/27"}],"replies":[{"embeddable":true,"href":"https:\/\/blogs.correiobraziliense.com.br\/servidor\/wp-json\/wp\/v2\/comments?post=17043"}],"version-history":[{"count":1,"href":"https:\/\/blogs.correiobraziliense.com.br\/servidor\/wp-json\/wp\/v2\/posts\/17043\/revisions"}],"predecessor-version":[{"id":17044,"href":"https:\/\/blogs.correiobraziliense.com.br\/servidor\/wp-json\/wp\/v2\/posts\/17043\/revisions\/17044"}],"wp:attachment":[{"href":"https:\/\/blogs.correiobraziliense.com.br\/servidor\/wp-json\/wp\/v2\/media?parent=17043"}],"wp:term":[{"taxonomy":"category","embeddable":true,"href":"https:\/\/blogs.correiobraziliense.com.br\/servidor\/wp-json\/wp\/v2\/categories?post=17043"},{"taxonomy":"post_tag","embeddable":true,"href":"https:\/\/blogs.correiobraziliense.com.br\/servidor\/wp-json\/wp\/v2\/tags?post=17043"}],"curies":[{"name":"wp","href":"https:\/\/api.w.org\/{rel}","templated":true}]}}