{"id":17034,"date":"2020-07-20T20:45:15","date_gmt":"2020-07-20T23:45:15","guid":{"rendered":"https:\/\/blogs.correiobraziliense.com.br\/servidor\/?p=17034"},"modified":"2020-07-20T23:16:22","modified_gmt":"2020-07-21T02:16:22","slug":"ajufe-condena-atitude-abusiva-do-desembargador-paulista","status":"publish","type":"post","link":"https:\/\/blogs.correiobraziliense.com.br\/servidor\/ajufe-condena-atitude-abusiva-do-desembargador-paulista\/","title":{"rendered":"Ajufe condena atitude abusiva do desembargador paulista"},"content":{"rendered":"<p><em><strong>A entidade emitiu nota p\u00fablica sobre as atitudes recentes do desembargador Eduardo Siqueira, do Tribunal de Justi\u00e7a de S\u00e3o Paulo, que desrespeitou norma sobre o uso de m\u00e1scara em vias p\u00fablicas e afrontou o agente respons\u00e1vel pela fiscaliza\u00e7\u00e3o da medida<\/strong><\/em><\/p>\n<p>Veja a nota:<\/p>\n<p>&#8220;A Associa\u00e7\u00e3o dos Ju\u00edzes Federais do Brasil (Ajufe) vem a p\u00fablico manifestar que n\u00e3o podem ser aceitas, de qualquer pessoa, sobretudo de integrantes do Poder Judici\u00e1rio, condutas que contrariem norma legal que determine utiliza\u00e7\u00e3o de m\u00e1scara em lugar p\u00fablico e tampouco atitudes abusivas que afrontem agentes p\u00fablicos respons\u00e1veis pela fiscaliza\u00e7\u00e3o do uso.<\/p>\n<p>A Ajufe, que representa cerca de 2.000 ju\u00edzas e ju\u00edzes federais de todo o Brasil, defende a rigorosa apura\u00e7\u00e3o destes fatos, j\u00e1 que a sociedade brasileira espera da magistratura uma postura exemplar de respeito, guarda e preserva\u00e7\u00e3o das leis e da Constitui\u00e7\u00e3o Federal. Fatos isolados, que ultrapassem limites \u00e9ticos e morais inerentes \u00e0 magistratura, merecem a efetiva apura\u00e7\u00e3o e reprimenda correspondente.<\/p>\n<p>Para a Ajufe, n\u00e3o existem autoridades imunes \u00e0 aplica\u00e7\u00e3o da lei ou inating\u00edveis por seus reflexos punitivos. A magistratura brasileira \u00e9 consciente da necessidade de ado\u00e7\u00e3o de medidas sanit\u00e1rias pelos entes federativos que contribuam para reduzir os riscos de prolifera\u00e7\u00e3o do coronav\u00edrus, impe\u00e7am o colapso da rede p\u00fablica de sa\u00fade e que sirvam para preservar o nosso bem mais valioso: a vida.<\/p>\n<p>Bras\u00edlia, 20 de julho de 2020<br \/>\nAssocia\u00e7\u00e3o dos Ju\u00edzes Federais do Brasil&#8221;<\/p>\n","protected":false},"excerpt":{"rendered":"<p>A entidade emitiu nota p\u00fablica sobre as atitudes recentes do desembargador Eduardo Siqueira, do Tribunal de Justi\u00e7a de S\u00e3o Paulo, que desrespeitou norma sobre o uso de m\u00e1scara em vias p\u00fablicas e afrontou o agente respons\u00e1vel pela fiscaliza\u00e7\u00e3o da medida Veja a nota: &#8220;A Associa\u00e7\u00e3o dos Ju\u00edzes Federais do Brasil (Ajufe) vem a p\u00fablico manifestar que n\u00e3o podem ser aceitas, [&hellip;]<\/p>\n","protected":false},"author":27,"featured_media":0,"comment_status":"open","ping_status":"closed","sticky":false,"template":"","format":"standard","meta":{"footnotes":""},"categories":[2719],"tags":[2819,1405,1458,2584,976,17939,5606,940,4999,2323,2562,2090,7674,437,1574,17940],"class_list":["post-17034","post","type-post","status-publish","format-standard","hentry","category-servidor","tag-agente","tag-ajufe","tag-apuracao","tag-constituicao","tag-desembargador","tag-eduardo-siqueira","tag-eticos","tag-fiscalizacao","tag-limites","tag-magistratura","tag-mascara","tag-morais","tag-multado","tag-norma","tag-tjsp","tag-vias-publicas"],"_links":{"self":[{"href":"https:\/\/blogs.correiobraziliense.com.br\/servidor\/wp-json\/wp\/v2\/posts\/17034","targetHints":{"allow":["GET"]}}],"collection":[{"href":"https:\/\/blogs.correiobraziliense.com.br\/servidor\/wp-json\/wp\/v2\/posts"}],"about":[{"href":"https:\/\/blogs.correiobraziliense.com.br\/servidor\/wp-json\/wp\/v2\/types\/post"}],"author":[{"embeddable":true,"href":"https:\/\/blogs.correiobraziliense.com.br\/servidor\/wp-json\/wp\/v2\/users\/27"}],"replies":[{"embeddable":true,"href":"https:\/\/blogs.correiobraziliense.com.br\/servidor\/wp-json\/wp\/v2\/comments?post=17034"}],"version-history":[{"count":2,"href":"https:\/\/blogs.correiobraziliense.com.br\/servidor\/wp-json\/wp\/v2\/posts\/17034\/revisions"}],"predecessor-version":[{"id":17038,"href":"https:\/\/blogs.correiobraziliense.com.br\/servidor\/wp-json\/wp\/v2\/posts\/17034\/revisions\/17038"}],"wp:attachment":[{"href":"https:\/\/blogs.correiobraziliense.com.br\/servidor\/wp-json\/wp\/v2\/media?parent=17034"}],"wp:term":[{"taxonomy":"category","embeddable":true,"href":"https:\/\/blogs.correiobraziliense.com.br\/servidor\/wp-json\/wp\/v2\/categories?post=17034"},{"taxonomy":"post_tag","embeddable":true,"href":"https:\/\/blogs.correiobraziliense.com.br\/servidor\/wp-json\/wp\/v2\/tags?post=17034"}],"curies":[{"name":"wp","href":"https:\/\/api.w.org\/{rel}","templated":true}]}}