{"id":17032,"date":"2020-07-20T20:22:55","date_gmt":"2020-07-20T23:22:55","guid":{"rendered":"https:\/\/blogs.correiobraziliense.com.br\/servidor\/?p=17032"},"modified":"2020-07-20T20:22:55","modified_gmt":"2020-07-20T23:22:55","slug":"decisao-da-justica-traz-alento-para-servidores-mais-vulneraveis","status":"publish","type":"post","link":"https:\/\/blogs.correiobraziliense.com.br\/servidor\/decisao-da-justica-traz-alento-para-servidores-mais-vulneraveis\/","title":{"rendered":"Decis\u00e3o da justi\u00e7a traz alento para servidores mais vulner\u00e1veis"},"content":{"rendered":"<p><em><strong>&#8220;Uma medida que representa um alento para os servidores p\u00fablicos idosos e portadores de doen\u00e7as graves, que, al\u00e9m de ter que enfrentar uma pandemia, precisam de muita luta para fazer se cumprir a lei&#8221;<\/strong><\/em><\/p>\n<p><em><strong>Antonio Tucc\u00edlio*<\/strong><\/em><\/p>\n<p>Foi com muita luta e esfor\u00e7o, mas a justi\u00e7a finalmente reconheceu o direito de servidores p\u00fablicos mais vulner\u00e1veis em rela\u00e7\u00e3o ao recebimento de precat\u00f3rios pelo governo de S\u00e3o Paulo. Em uma vit\u00f3ria obtida pelo departamento jur\u00eddico da Confedera\u00e7\u00e3o Nacional dos Servidores P\u00fablicos, por meio do diretor, Julio Bonafonte, o Tribunal de Justi\u00e7a reverteu a senten\u00e7a que desconsiderava a data do tr\u00e2nsito em julgado para as prioridades de precat\u00f3rio aos idosos e portadores de doen\u00e7as graves.<\/p>\n<p>Todo esse imbr\u00f3glio em torno dos precat\u00f3rios teve origem a partir da medida arbitr\u00e1ria do governador Jo\u00e3o Doria, que em novembro do ano passado sancionou a lei 17.205, que reduziu de R$ 30.119,20 para R$ 11.678,90 o teto dos precat\u00f3rios que podem ser pagos na fila mais r\u00e1pida.<\/p>\n<p>\u00c0 \u00e9poca, advogados e entidades ligadas aos servidores j\u00e1 haviam alertado para os poss\u00edveis danos da medida, criticando especialmente a falta de transpar\u00eancia de como iria valer o novo teto para a Obriga\u00e7\u00e3o de Pequeno Valor (OPV).<\/p>\n<p>A decis\u00e3o proferida pelo TJ apenas cumpre o que determina o judici\u00e1rio. Seguindo as orienta\u00e7\u00f5es do Supremo Tribunal Federal (STF), a redu\u00e7\u00e3o do teto n\u00e3o pode ser aplicada para os processos que j\u00e1 t\u00eam o tr\u00e2nsito em julgado. Uma medida que representa um alento para os servidores p\u00fablicos idosos e portadores de doen\u00e7as graves, que, al\u00e9m de ter que enfrentar uma pandemia, precisam de muita luta para fazer se cumprir a lei.<\/p>\n<p><em>*Antonio Tucc\u00edlio<\/em> &#8211; presidente da Confedera\u00e7\u00e3o Nacional dos Servidores P\u00fablicos (CNSP)<\/p>\n","protected":false},"excerpt":{"rendered":"<p>&#8220;Uma medida que representa um alento para os servidores p\u00fablicos idosos e portadores de doen\u00e7as graves, que, al\u00e9m de ter que enfrentar uma pandemia, precisam de muita luta para fazer se cumprir a lei&#8221; Antonio Tucc\u00edlio* Foi com muita luta e esfor\u00e7o, mas a justi\u00e7a finalmente reconheceu o direito de servidores p\u00fablicos mais vulner\u00e1veis em rela\u00e7\u00e3o ao recebimento de precat\u00f3rios [&hellip;]<\/p>\n","protected":false},"author":27,"featured_media":0,"comment_status":"open","ping_status":"closed","sticky":false,"template":"","format":"standard","meta":{"footnotes":""},"categories":[2719],"tags":[4734,1248,5219,4156,443,260,102,17255,1034,58,7241,13968],"class_list":["post-17032","post","type-post","status-publish","format-standard","hentry","category-servidor","tag-cnsp","tag-decisao","tag-doencas","tag-graves","tag-idosos","tag-justica","tag-lei","tag-pandemia","tag-precatorios","tag-servidores","tag-tribunal-de-justica","tag-vulneraveis"],"_links":{"self":[{"href":"https:\/\/blogs.correiobraziliense.com.br\/servidor\/wp-json\/wp\/v2\/posts\/17032","targetHints":{"allow":["GET"]}}],"collection":[{"href":"https:\/\/blogs.correiobraziliense.com.br\/servidor\/wp-json\/wp\/v2\/posts"}],"about":[{"href":"https:\/\/blogs.correiobraziliense.com.br\/servidor\/wp-json\/wp\/v2\/types\/post"}],"author":[{"embeddable":true,"href":"https:\/\/blogs.correiobraziliense.com.br\/servidor\/wp-json\/wp\/v2\/users\/27"}],"replies":[{"embeddable":true,"href":"https:\/\/blogs.correiobraziliense.com.br\/servidor\/wp-json\/wp\/v2\/comments?post=17032"}],"version-history":[{"count":1,"href":"https:\/\/blogs.correiobraziliense.com.br\/servidor\/wp-json\/wp\/v2\/posts\/17032\/revisions"}],"predecessor-version":[{"id":17033,"href":"https:\/\/blogs.correiobraziliense.com.br\/servidor\/wp-json\/wp\/v2\/posts\/17032\/revisions\/17033"}],"wp:attachment":[{"href":"https:\/\/blogs.correiobraziliense.com.br\/servidor\/wp-json\/wp\/v2\/media?parent=17032"}],"wp:term":[{"taxonomy":"category","embeddable":true,"href":"https:\/\/blogs.correiobraziliense.com.br\/servidor\/wp-json\/wp\/v2\/categories?post=17032"},{"taxonomy":"post_tag","embeddable":true,"href":"https:\/\/blogs.correiobraziliense.com.br\/servidor\/wp-json\/wp\/v2\/tags?post=17032"}],"curies":[{"name":"wp","href":"https:\/\/api.w.org\/{rel}","templated":true}]}}