{"id":17028,"date":"2020-07-20T11:39:29","date_gmt":"2020-07-20T14:39:29","guid":{"rendered":"https:\/\/blogs.correiobraziliense.com.br\/servidor\/?p=17028"},"modified":"2020-07-20T11:39:29","modified_gmt":"2020-07-20T14:39:29","slug":"oab-faz-congresso-digital-para-debater-efeitos-da-pandemia","status":"publish","type":"post","link":"https:\/\/blogs.correiobraziliense.com.br\/servidor\/oab-faz-congresso-digital-para-debater-efeitos-da-pandemia\/","title":{"rendered":"OAB faz congresso digital para debater efeitos da pandemia"},"content":{"rendered":"<p><em><strong>Ministros do STF e de tribunais superiores participam do congresso. Inscri\u00e7\u00f5es j\u00e1 est\u00e3o abertas, gratuitas e com direito a certificado.\u00a0No momento de crescimento do n\u00famero de a\u00e7\u00f5es judiciais em consequ\u00eancia da crise econ\u00f4mica pela pandemia do novo coronav\u00edrus, contratos, media\u00e7\u00e3o, concilia\u00e7\u00e3o e arbitragem, rela\u00e7\u00f5es trabalhistas, reforma tribut\u00e1ria, gest\u00e3o, empreendedorismo, inova\u00e7\u00e3o est\u00e3o entre os temas<\/strong><\/em><\/p>\n<p>Os impactos da pandemia pelo novo coronavirus no meio jur\u00eddico e na sociedade ser\u00e3o debatidos nos diversos aspectos no maior evento jur\u00eddico em ambiente digital, de 27 a 31 de julho, pela OAB Nacional. \u201cI Congresso Digital Covid-19: Repercuss\u00f5es Jur\u00eddicas e Sociais da Pandemia\u201d ter\u00e1 a participa\u00e7\u00e3o como palestrantes de sete ministros do Supremo Tribunal Federal (STF), 13 ministros do Superior Tribunal de Justi\u00e7a (STJ), ministros do Tribunal Superior Eleitoral (TSE), advogados, especialistas, professores e jornalistas.<\/p>\n<p>\u201cA pandemia traz novos desafios para a advocacia, impactos jur\u00eddicos, econ\u00f4micos e no mercado de servi\u00e7os advocat\u00edcios. Com o congresso, buscamos enfrentar esse debate de forma virtual, mais ampla poss\u00edvel, com os advogados, preservando a seguran\u00e7a de todos\u201d, ressalta o presidente da OAB Nacional, Felipe Santa Cruz.<\/p>\n<p>Ser\u00e3o realizados mais de 160 pain\u00e9is abordando os variados campos do direito, com a participa\u00e7\u00e3o de mais de 500 palestrantes de todas as partes do pa\u00eds. Seis salas digitais simult\u00e2neas transmitir\u00e3o todo o debate em tempo real. O evento \u00e9 gratuito e totalmente online. Haver\u00e1 certifica\u00e7\u00e3o de 50 horas extracurriculares exigidas pelas institui\u00e7\u00f5es de ensino superior para os participantes.<\/p>\n<p>A programa\u00e7\u00e3o do evento, por interm\u00e9dio da Escola Superior de Advocacia Nacional da OAB (ESA), promove o debate transversal sobre os desafios e os impactos no direito, na justi\u00e7a e na sociedade provocados pela pandemia do novo coronav\u00edrus.<\/p>\n<p>No momento de crescimento do n\u00famero de a\u00e7\u00f5es judiciais em consequ\u00eancia da crise econ\u00f4mica pela pandemia do novo coronav\u00edrus, contratos, media\u00e7\u00e3o, concilia\u00e7\u00e3o e arbitragem, rela\u00e7\u00f5es trabalhistas est\u00e3o entre os temas de debate dos diversos pain\u00e9is. Reforma tribut\u00e1ria, aspectos da carreira da advocacia, gest\u00e3o, empreendedorismo e inova\u00e7\u00e3o tamb\u00e9m ser\u00e3o debatidos.<\/p>\n<p>Mais de 50 mil pessoas j\u00e1 se inscreveram. Programa\u00e7\u00e3o completa e inscri\u00e7\u00f5es no link: https:\/\/www.oab.org.br\/congressodigital\/<\/p>\n","protected":false},"excerpt":{"rendered":"<p>Ministros do STF e de tribunais superiores participam do congresso. Inscri\u00e7\u00f5es j\u00e1 est\u00e3o abertas, gratuitas e com direito a certificado.\u00a0No momento de crescimento do n\u00famero de a\u00e7\u00f5es judiciais em consequ\u00eancia da crise econ\u00f4mica pela pandemia do novo coronav\u00edrus, contratos, media\u00e7\u00e3o, concilia\u00e7\u00e3o e arbitragem, rela\u00e7\u00f5es trabalhistas, reforma tribut\u00e1ria, gest\u00e3o, empreendedorismo, inova\u00e7\u00e3o est\u00e3o entre os temas Os impactos da pandemia pelo novo [&hellip;]<\/p>\n","protected":false},"author":27,"featured_media":0,"comment_status":"open","ping_status":"closed","sticky":false,"template":"","format":"standard","meta":{"footnotes":""},"categories":[2719],"tags":[203,13275,4463,1238,100,250,16896,366,87,2491,781,2086,3280,70,378,17255,12193,5376,408],"class_list":["post-17028","post","type-post","status-publish","format-standard","hentry","category-servidor","tag-acoes","tag-arbitragem","tag-certificados","tag-conciliacao","tag-congresso","tag-contratos","tag-coronavirus","tag-crise","tag-digital","tag-efeitos","tag-inscricoes","tag-judiciais","tag-mediacao","tag-nacional","tag-oab","tag-pandemia","tag-reforma-tributaria","tag-relacoes","tag-trabalhistas"],"_links":{"self":[{"href":"https:\/\/blogs.correiobraziliense.com.br\/servidor\/wp-json\/wp\/v2\/posts\/17028","targetHints":{"allow":["GET"]}}],"collection":[{"href":"https:\/\/blogs.correiobraziliense.com.br\/servidor\/wp-json\/wp\/v2\/posts"}],"about":[{"href":"https:\/\/blogs.correiobraziliense.com.br\/servidor\/wp-json\/wp\/v2\/types\/post"}],"author":[{"embeddable":true,"href":"https:\/\/blogs.correiobraziliense.com.br\/servidor\/wp-json\/wp\/v2\/users\/27"}],"replies":[{"embeddable":true,"href":"https:\/\/blogs.correiobraziliense.com.br\/servidor\/wp-json\/wp\/v2\/comments?post=17028"}],"version-history":[{"count":1,"href":"https:\/\/blogs.correiobraziliense.com.br\/servidor\/wp-json\/wp\/v2\/posts\/17028\/revisions"}],"predecessor-version":[{"id":17029,"href":"https:\/\/blogs.correiobraziliense.com.br\/servidor\/wp-json\/wp\/v2\/posts\/17028\/revisions\/17029"}],"wp:attachment":[{"href":"https:\/\/blogs.correiobraziliense.com.br\/servidor\/wp-json\/wp\/v2\/media?parent=17028"}],"wp:term":[{"taxonomy":"category","embeddable":true,"href":"https:\/\/blogs.correiobraziliense.com.br\/servidor\/wp-json\/wp\/v2\/categories?post=17028"},{"taxonomy":"post_tag","embeddable":true,"href":"https:\/\/blogs.correiobraziliense.com.br\/servidor\/wp-json\/wp\/v2\/tags?post=17028"}],"curies":[{"name":"wp","href":"https:\/\/api.w.org\/{rel}","templated":true}]}}