{"id":17026,"date":"2020-07-20T11:29:31","date_gmt":"2020-07-20T14:29:31","guid":{"rendered":"https:\/\/blogs.correiobraziliense.com.br\/servidor\/?p=17026"},"modified":"2020-07-20T11:29:31","modified_gmt":"2020-07-20T14:29:31","slug":"cvm-e-receita-federal-firmam-convenio","status":"publish","type":"post","link":"https:\/\/blogs.correiobraziliense.com.br\/servidor\/cvm-e-receita-federal-firmam-convenio\/","title":{"rendered":"CVM e Receita Federal firmam conv\u00eanio"},"content":{"rendered":"<p><em><strong>Acordo prev\u00ea unifica\u00e7\u00e3o de procedimentos e interc\u00e2mbio de informa\u00e7\u00f5es<\/strong><\/em><\/p>\n<p>A Comiss\u00e3o de Valores Mobili\u00e1rios (CVM) e a Receita Federal informam que assinaram um conv\u00eanio para o desenvolvimento de programa de coopera\u00e7\u00e3o t\u00e9cnico-administrativa.<\/p>\n<p>O acordo prev\u00ea a unifica\u00e7\u00e3o dos procedimentos de cadastramento, altera\u00e7\u00e3o e baixa no Cadastro Nacional da Pessoa Jur\u00eddica (CNPJ), para fundos de investimento e investidores n\u00e3o residentes. Essa consolida\u00e7\u00e3o pode permitir a ado\u00e7\u00e3o de um \u00fanico canal futuramente, que passaria a alimentar os cadastros de ambos os \u00f3rg\u00e3os.<\/p>\n<p>O conv\u00eanio tamb\u00e9m autoriza o interc\u00e2mbio de informa\u00e7\u00f5es entre a Receita e a Autarquia para aprimoramento dos servi\u00e7os de coleta, tratamento, compartilhamento e armazenamento de dados cadastrais.<\/p>\n<p>&#8220;A Receita Federal e a CVM manter\u00e3o independentes suas bases de dados cadastrais, observando a harmoniza\u00e7\u00e3o e o sincronismo das informa\u00e7\u00f5es&#8221;, destaca a CVM.<\/p>\n","protected":false},"excerpt":{"rendered":"<p>Acordo prev\u00ea unifica\u00e7\u00e3o de procedimentos e interc\u00e2mbio de informa\u00e7\u00f5es A Comiss\u00e3o de Valores Mobili\u00e1rios (CVM) e a Receita Federal informam que assinaram um conv\u00eanio para o desenvolvimento de programa de coopera\u00e7\u00e3o t\u00e9cnico-administrativa. O acordo prev\u00ea a unifica\u00e7\u00e3o dos procedimentos de cadastramento, altera\u00e7\u00e3o e baixa no Cadastro Nacional da Pessoa Jur\u00eddica (CNPJ), para fundos de investimento e investidores n\u00e3o residentes. Essa [&hellip;]<\/p>\n","protected":false},"author":27,"featured_media":0,"comment_status":"open","ping_status":"closed","sticky":false,"template":"","format":"standard","meta":{"footnotes":""},"categories":[2719],"tags":[1257,17521,6798,215,167,561,5823,1619,451,927,294,159],"class_list":["post-17026","post","type-post","status-publish","format-standard","hentry","category-servidor","tag-bases","tag-cadastros","tag-cnpj","tag-cvm","tag-dados","tag-informacoes","tag-intercambio","tag-investidores","tag-nao-residentes","tag-procedimentos","tag-receita-federal","tag-unificacao"],"_links":{"self":[{"href":"https:\/\/blogs.correiobraziliense.com.br\/servidor\/wp-json\/wp\/v2\/posts\/17026","targetHints":{"allow":["GET"]}}],"collection":[{"href":"https:\/\/blogs.correiobraziliense.com.br\/servidor\/wp-json\/wp\/v2\/posts"}],"about":[{"href":"https:\/\/blogs.correiobraziliense.com.br\/servidor\/wp-json\/wp\/v2\/types\/post"}],"author":[{"embeddable":true,"href":"https:\/\/blogs.correiobraziliense.com.br\/servidor\/wp-json\/wp\/v2\/users\/27"}],"replies":[{"embeddable":true,"href":"https:\/\/blogs.correiobraziliense.com.br\/servidor\/wp-json\/wp\/v2\/comments?post=17026"}],"version-history":[{"count":1,"href":"https:\/\/blogs.correiobraziliense.com.br\/servidor\/wp-json\/wp\/v2\/posts\/17026\/revisions"}],"predecessor-version":[{"id":17027,"href":"https:\/\/blogs.correiobraziliense.com.br\/servidor\/wp-json\/wp\/v2\/posts\/17026\/revisions\/17027"}],"wp:attachment":[{"href":"https:\/\/blogs.correiobraziliense.com.br\/servidor\/wp-json\/wp\/v2\/media?parent=17026"}],"wp:term":[{"taxonomy":"category","embeddable":true,"href":"https:\/\/blogs.correiobraziliense.com.br\/servidor\/wp-json\/wp\/v2\/categories?post=17026"},{"taxonomy":"post_tag","embeddable":true,"href":"https:\/\/blogs.correiobraziliense.com.br\/servidor\/wp-json\/wp\/v2\/tags?post=17026"}],"curies":[{"name":"wp","href":"https:\/\/api.w.org\/{rel}","templated":true}]}}