{"id":17023,"date":"2020-07-18T22:34:49","date_gmt":"2020-07-19T01:34:49","guid":{"rendered":"https:\/\/blogs.correiobraziliense.com.br\/servidor\/?p=17023"},"modified":"2020-07-18T22:34:49","modified_gmt":"2020-07-19T01:34:49","slug":"correios-garantem-que-nao-foram-retirados-direitos-de-trabalhadores","status":"publish","type":"post","link":"https:\/\/blogs.correiobraziliense.com.br\/servidor\/correios-garantem-que-nao-foram-retirados-direitos-de-trabalhadores\/","title":{"rendered":"Correios garantem que n\u00e3o foram retirados direitos de trabalhadores"},"content":{"rendered":"<div><em><strong><span style=\"font-family: Trebuchet MS;font-size: medium\">Em refer\u00eancia \u00e0 mat\u00e9ria\u00a0&#8220;<a href=\"https:\/\/blogs.correiobraziliense.com.br\/servidor\/inseguranca-juridica-pode-acarretar-greve-dos-correios\/\" target=\"_blank\" rel=\"noopener\">Inseguran\u00e7a jur\u00eddica pode acarretar greve dos Correios<\/a>&#8220;,\u00a0publicada\u00a0no Blog do Servidor,\u00a0nessa sexta-feira (17), os Correios prestam as seguintes informa\u00e7\u00f5es.<\/span><\/strong><\/em><\/div>\n<div><span style=\"font-family: Trebuchet MS;font-size: medium\">\u00a0<\/span><\/div>\n<div><span style=\"font-family: Trebuchet MS;font-size: medium\">Os Correios t\u00eam um compromisso com o Brasil que est\u00e1 sendo cumprido da melhor forma poss\u00edvel, mostrando-se essenciais para os brasileiros no momento em que mais precisam. Entretanto, \u00e9 necess\u00e1ria aten\u00e7\u00e3o com a situa\u00e7\u00e3o econ\u00f4mico-financeira da empresa, de acordo com o momento atual, com amparo da legisla\u00e7\u00e3o vigente e seguindo as diretrizes do Governo Federal.<\/span><\/div>\n<div><span style=\"font-family: Trebuchet MS;font-size: medium\">\u00a0<\/span><\/div>\n<div><span style=\"font-family: Trebuchet MS;font-size: medium\">Neste contexto, os Correios precisam de cuidado com as suas finan\u00e7as, tendo em vista que a empresa tem enfrentado dificuldades ao longo dos anos com o inconsequente descontrole do crescimento das despesas em outras gest\u00f5es, sobretudo no tocante aos custos com pessoal.<\/span><\/div>\n<div><span style=\"font-family: Trebuchet MS;font-size: medium\">\u00a0<\/span><\/div>\n<div><span style=\"font-family: Trebuchet MS;font-size: medium\">Atualmente, a empresa encontra-se em negocia\u00e7\u00e3o de Acordo Coletivo de Trabalho 2020\/2021 com as representa\u00e7\u00f5es dos empregados. Neste momento, \u00e9 preciso ter clareza quanto aos benef\u00edcios hoje recebidos pelo efetivo, que encontram-se muito acima da realidade de mercado do pa\u00eds.<\/span><\/div>\n<div><span style=\"font-family: Trebuchet MS;font-size: medium\">\u00a0<\/span><\/div>\n<div><span style=\"font-family: Trebuchet MS;font-size: medium\">Vale ressaltar que a proposta apresentada pelos Correios n\u00e3o retira direitos garantidos: s\u00e3o assegurados todos os benef\u00edcios ancorados nas normas legais. A exclus\u00e3o de cl\u00e1usulas tem apenas o objetivo de adequar o acordo \u00e0 realidade dos Correios, dentro de uma l\u00f3gica empresarial semelhante \u00e0 praticada no mercado, com a retirada de benef\u00edcios que extrapolam as legisla\u00e7\u00f5es espec\u00edficas (como a CLT). O que significa dizer que todos os direitos foram preservados.\u00a0<\/span><\/div>\n<div><span style=\"font-family: Trebuchet MS;font-size: medium\">\u00a0<\/span><\/div>\n<div><span style=\"font-family: Trebuchet MS;font-size: medium\">Nesse contexto, lembremos que as finan\u00e7as dos Correios sofreram com m\u00e1 gest\u00e3o durante longos anos, e que a revers\u00e3o desse cen\u00e1rio, al\u00e9m de n\u00e3o ser imediata, requer austeridade. Em 2010, por exemplo, quando o cen\u00e1rio econ\u00f4mico do Brasil e dos Correios era amplamente mais favor\u00e1vel que o atual, o resultado operacional foi positivo, com lucro registrado de quase R$ 827 milh\u00f5es.\u00a0<\/span><\/div>\n<div><span style=\"font-family: Trebuchet MS;font-size: medium\">\u00a0<\/span><\/div>\n<div><span style=\"font-family: Trebuchet MS;font-size: medium\">Uma d\u00e9cada depois, ap\u00f3s sucessivos reveses financeiros, a empresa voltou a apresentar recentemente n\u00fameros positivos. Por outro lado, contabiliza preju\u00edzo acumulado ao longo dos \u00faltimos anos, que representa, hoje, um d\u00e9ficit de R$ 2,4 bilh\u00f5es. Logo, o lucro auferido recentemente apenas reduziu a d\u00edvida existente.\u00a0Neste cen\u00e1rio seria irresponsabilidade manter benef\u00edcios que n\u00e3o encontram amparo na atual realidade financeira.\u00a0<\/span><\/div>\n<div><span style=\"font-family: Trebuchet MS;font-size: medium\">\u00a0<\/span><\/div>\n<div><span style=\"font-family: Trebuchet MS;font-size: medium\">Portanto, ainda n\u00e3o se pode afirmar que a empresa est\u00e1 plenamente recuperada e pode seguir em concess\u00f5es que onerem ainda mais sua folha de pagamento.<\/span><\/div>\n<div><span style=\"font-family: Trebuchet MS;font-size: medium\">\u00a0<\/span><\/div>\n<div><span style=\"font-family: Trebuchet MS;font-size: medium\">Com a chegada do per\u00edodo de negocia\u00e7\u00f5es, a diretoria dos Correios conta com a compreens\u00e3o de seus empregados e responsabilidade das suas representa\u00e7\u00f5es. O momento \u00e9 de dificuldade, mas a prioridade deve ser a sustentabilidade da empresa e a preserva\u00e7\u00e3o dos empregos.<\/span><\/div>\n<div><span style=\"font-family: Trebuchet MS;font-size: medium\">\u00a0<\/span><\/div>\n<div>\n<div><b><span style=\"font-family: Trebuchet MS;font-size: medium\">Para melhor esclarecer os leitores, solicitamos, por gentileza, a publica\u00e7\u00e3o desta nota, na \u00edntegra.<\/span><\/b><\/div>\n<div><span style=\"font-family: Trebuchet MS;font-size: medium\">\u00a0<\/span><\/div>\n<div><span style=\"font-family: Trebuchet MS;font-size: medium\">A Assessoria de Imprensa reitera que permanece \u00e0 disposi\u00e7\u00e3o para prestar informa\u00e7\u00f5es sobre a empresa.<\/span><\/div>\n<\/div>\n<div><span style=\"font-family: Trebuchet MS;font-size: medium\">\u00a0<\/span><\/div>\n<div><span style=\"font-family: Trebuchet MS;font-size: medium\">Atenciosamente,<\/span><\/div>\n","protected":false},"excerpt":{"rendered":"<p>Em refer\u00eancia \u00e0 mat\u00e9ria\u00a0&#8220;Inseguran\u00e7a jur\u00eddica pode acarretar greve dos Correios&#8220;,\u00a0publicada\u00a0no Blog do Servidor,\u00a0nessa sexta-feira (17), os Correios prestam as seguintes informa\u00e7\u00f5es. \u00a0 Os Correios t\u00eam um compromisso com o Brasil que est\u00e1 sendo cumprido da melhor forma poss\u00edvel, mostrando-se essenciais para os brasileiros no momento em que mais precisam. Entretanto, \u00e9 necess\u00e1ria aten\u00e7\u00e3o com a situa\u00e7\u00e3o econ\u00f4mico-financeira da empresa, de [&hellip;]<\/p>\n","protected":false},"author":27,"featured_media":0,"comment_status":"open","ping_status":"closed","sticky":false,"template":"","format":"standard","meta":{"footnotes":""},"categories":[2719],"tags":[852,8875,2272,3363,20,411,619,1461,891,3061,315,4642,489,17938,54,569,19,261],"class_list":["post-17023","post","type-post","status-publish","format-standard","hentry","category-servidor","tag-beneficios","tag-clausulas","tag-clt","tag-coletivo","tag-correios","tag-deficit","tag-direitos","tag-divida","tag-empregados","tag-financas","tag-gestao","tag-lucro","tag-mercado","tag-negociacao-acordo","tag-proposta","tag-realidade","tag-trabalhadores","tag-trabalho"],"_links":{"self":[{"href":"https:\/\/blogs.correiobraziliense.com.br\/servidor\/wp-json\/wp\/v2\/posts\/17023","targetHints":{"allow":["GET"]}}],"collection":[{"href":"https:\/\/blogs.correiobraziliense.com.br\/servidor\/wp-json\/wp\/v2\/posts"}],"about":[{"href":"https:\/\/blogs.correiobraziliense.com.br\/servidor\/wp-json\/wp\/v2\/types\/post"}],"author":[{"embeddable":true,"href":"https:\/\/blogs.correiobraziliense.com.br\/servidor\/wp-json\/wp\/v2\/users\/27"}],"replies":[{"embeddable":true,"href":"https:\/\/blogs.correiobraziliense.com.br\/servidor\/wp-json\/wp\/v2\/comments?post=17023"}],"version-history":[{"count":1,"href":"https:\/\/blogs.correiobraziliense.com.br\/servidor\/wp-json\/wp\/v2\/posts\/17023\/revisions"}],"predecessor-version":[{"id":17024,"href":"https:\/\/blogs.correiobraziliense.com.br\/servidor\/wp-json\/wp\/v2\/posts\/17023\/revisions\/17024"}],"wp:attachment":[{"href":"https:\/\/blogs.correiobraziliense.com.br\/servidor\/wp-json\/wp\/v2\/media?parent=17023"}],"wp:term":[{"taxonomy":"category","embeddable":true,"href":"https:\/\/blogs.correiobraziliense.com.br\/servidor\/wp-json\/wp\/v2\/categories?post=17023"},{"taxonomy":"post_tag","embeddable":true,"href":"https:\/\/blogs.correiobraziliense.com.br\/servidor\/wp-json\/wp\/v2\/tags?post=17023"}],"curies":[{"name":"wp","href":"https:\/\/api.w.org\/{rel}","templated":true}]}}