{"id":17006,"date":"2020-07-17T13:08:06","date_gmt":"2020-07-17T16:08:06","guid":{"rendered":"https:\/\/blogs.correiobraziliense.com.br\/servidor\/?p=17006"},"modified":"2020-07-17T13:15:53","modified_gmt":"2020-07-17T16:15:53","slug":"faltam-caixoes-para-sepultamento-social-denuncia-sindsasc","status":"publish","type":"post","link":"https:\/\/blogs.correiobraziliense.com.br\/servidor\/faltam-caixoes-para-sepultamento-social-denuncia-sindsasc\/","title":{"rendered":"Faltam caix\u00f5es para sepultamento social, denuncia Sindsasc"},"content":{"rendered":"<p><em><strong>Sindicato aponta tamb\u00e9m que faltam tamb\u00e9m equipamentos de prote\u00e7\u00e3o individual para servidores que trabalham no servi\u00e7o funer\u00e1rio.\u00a0O benef\u00edcio \u00e9 concedido gratuitamente a fam\u00edlias de baixa renda, que recebem at\u00e9 um sal\u00e1rio m\u00ednimo per capita<\/strong><\/em><\/p>\n<p><em>Foto<\/em>: Ag\u00eancia Bras\u00edlia<\/p>\n<p><img loading=\"lazy\" decoding=\"async\" class=\"alignright size-large wp-image-17009\" src=\"https:\/\/blogs.correiobraziliense.com.br\/servidor\/wp-content\/uploads\/sites\/10\/2020\/07\/Vel\u00f3rio-Foto-da-Ag\u00eancia-Bras\u00edlia-1024x582.jpg\" alt=\"\" width=\"1024\" height=\"582\" \/><\/p>\n<p>&nbsp;<\/p>\n<p>&nbsp;<\/p>\n<p>&nbsp;<\/p>\n<p>O Sindicato dos Servidores da Assist\u00eancia Social e Cultural do GDF (Sindsasc) denuncia a falta de caix\u00f5es para o sepultamento social de adultos. A responsabilidade pelo fornecimento das urnas funer\u00e1rias \u00e9 da Secretaria de Desenvolvimento Social (Sedes), que \u00e9 reincidente no problema, tamb\u00e9m registrado em 2019, aponta a entidade. At\u00e9 a hora da publica\u00e7\u00e3o, n\u00e3o conseguimos contato com a Sedes.<\/p>\n<p>O sindicato cobra do Governo do Distrito Federal (GDF) uma solu\u00e7\u00e3o imediata para o recorrente problema. \u201cA popula\u00e7\u00e3o mais pobre \u00e9 a mais prejudicada, ainda mais nesse momento de pandemia, marcado, lamentavelmente, pelo aumento da mortalidade\u201d, afirma o presidente da entidade, Clayton Avelar.<\/p>\n<p><strong>Falta de prote\u00e7\u00e3o contra Covid-19<\/strong><\/p>\n<p>Al\u00e9m da neglig\u00eancia em n\u00e3o fornecer os caix\u00f5es para fam\u00edlias de baixa renda, o GDF tem deixado de lado os servidores da assist\u00eancia social que trabalham no servi\u00e7o funer\u00e1rio, que n\u00e3o t\u00eam recebido todos os equipamentos de prote\u00e7\u00e3o individual (EPIs) que necessitam para se proteger contra a Covid-19. \u201cOs servidores do servi\u00e7o funer\u00e1rio recebem precariamente os equipamentos de prote\u00e7\u00e3o individual. O trabalho que exercem \u00e9 altamente insalubre, mas n\u00e3o o recebem nessa medida\u201d, aponta Clayton.<\/p>\n<p><strong>Direito definido por lei<\/strong><\/p>\n<p>O GDF \u00e9 obrigado a fornecer os caix\u00f5es para o sepultamento social, como prev\u00ea o Decreto n\u00ba 28.606\/2007. O texto da lei define o servi\u00e7o como obrigat\u00f3rio a ser prestado pelo poder p\u00fablico. O benef\u00edcio \u00e9 concedido gratuitamente a fam\u00edlias de baixa renda, que recebem at\u00e9 um sal\u00e1rio m\u00ednimo per capita.<\/p>\n","protected":false},"excerpt":{"rendered":"<p>Sindicato aponta tamb\u00e9m que faltam tamb\u00e9m equipamentos de prote\u00e7\u00e3o individual para servidores que trabalham no servi\u00e7o funer\u00e1rio.\u00a0O benef\u00edcio \u00e9 concedido gratuitamente a fam\u00edlias de baixa renda, que recebem at\u00e9 um sal\u00e1rio m\u00ednimo per capita Foto: Ag\u00eancia Bras\u00edlia &nbsp; &nbsp; &nbsp; O Sindicato dos Servidores da Assist\u00eancia Social e Cultural do GDF (Sindsasc) denuncia a falta de caix\u00f5es para o sepultamento [&hellip;]<\/p>\n","protected":false},"author":27,"featured_media":0,"comment_status":"open","ping_status":"closed","sticky":false,"template":"","format":"standard","meta":{"footnotes":""},"categories":[2719],"tags":[10564,17931,17256,17932,5259,5092,4898,14348,2692,476,2470,7390,5599,17255,7903,545,2746,15893,14544,212,58,11776,2103],"class_list":["post-17006","post","type-post","status-publish","format-standard","hentry","category-servidor","tag-baixa-renda","tag-caixoes","tag-covid-19","tag-decreto-28-606-2007","tag-epi","tag-equipamentos","tag-familias","tag-funerario","tag-gdf","tag-individuais","tag-individual","tag-insalubre","tag-mortalidade","tag-pandemia","tag-pobre","tag-populacao","tag-protecao","tag-sedes","tag-sepultamento","tag-servico","tag-servidores","tag-sindsasc","tag-social"],"_links":{"self":[{"href":"https:\/\/blogs.correiobraziliense.com.br\/servidor\/wp-json\/wp\/v2\/posts\/17006","targetHints":{"allow":["GET"]}}],"collection":[{"href":"https:\/\/blogs.correiobraziliense.com.br\/servidor\/wp-json\/wp\/v2\/posts"}],"about":[{"href":"https:\/\/blogs.correiobraziliense.com.br\/servidor\/wp-json\/wp\/v2\/types\/post"}],"author":[{"embeddable":true,"href":"https:\/\/blogs.correiobraziliense.com.br\/servidor\/wp-json\/wp\/v2\/users\/27"}],"replies":[{"embeddable":true,"href":"https:\/\/blogs.correiobraziliense.com.br\/servidor\/wp-json\/wp\/v2\/comments?post=17006"}],"version-history":[{"count":3,"href":"https:\/\/blogs.correiobraziliense.com.br\/servidor\/wp-json\/wp\/v2\/posts\/17006\/revisions"}],"predecessor-version":[{"id":17011,"href":"https:\/\/blogs.correiobraziliense.com.br\/servidor\/wp-json\/wp\/v2\/posts\/17006\/revisions\/17011"}],"wp:attachment":[{"href":"https:\/\/blogs.correiobraziliense.com.br\/servidor\/wp-json\/wp\/v2\/media?parent=17006"}],"wp:term":[{"taxonomy":"category","embeddable":true,"href":"https:\/\/blogs.correiobraziliense.com.br\/servidor\/wp-json\/wp\/v2\/categories?post=17006"},{"taxonomy":"post_tag","embeddable":true,"href":"https:\/\/blogs.correiobraziliense.com.br\/servidor\/wp-json\/wp\/v2\/tags?post=17006"}],"curies":[{"name":"wp","href":"https:\/\/api.w.org\/{rel}","templated":true}]}}