{"id":16976,"date":"2020-07-15T18:10:37","date_gmt":"2020-07-15T21:10:37","guid":{"rendered":"https:\/\/blogs.correiobraziliense.com.br\/servidor\/?p=16976"},"modified":"2020-07-15T18:10:37","modified_gmt":"2020-07-15T21:10:37","slug":"cut-rio-lanca-manifesto-em-defesa-das-empresas-publicas","status":"publish","type":"post","link":"https:\/\/blogs.correiobraziliense.com.br\/servidor\/cut-rio-lanca-manifesto-em-defesa-das-empresas-publicas\/","title":{"rendered":"CUT Rio lan\u00e7a Manifesto em defesa das empresas p\u00fablicas"},"content":{"rendered":"<p><em><strong>Chico Buarque, Carol Proner e Osmar Prado s\u00e3o alguns dos apoiadores da iniciativa<\/strong><\/em><\/p>\n<p>A Central \u00danica dos Trabalhadores do Rio de Janeiro, CUT Rio, em conjunto com entidades representativas dos servi\u00e7os p\u00fablicos, lan\u00e7a por meio do Comit\u00ea Estadual em Defesa das Estatais e do Servi\u00e7o P\u00fablico, nesta quinta-feira, 16, o manifesto \u201cO p\u00fablico \u00e9 bom, o p\u00fablico \u00e9 para todos! \u00c9 nosso dever defend\u00ea-lo\u201d. O documento j\u00e1 conta com assinatura de dirigentes sindicais, pol\u00edticos e personalidades como o cantor e compositor Chico Buarque, a advogada Carol Proner, o ator Osmar Prado, as atrizes Luc\u00e9lia Santos, Tereza Seiblitz, Malu Valle e Cristina Pereira; os ex-ministros Celso Amorim e Eug\u00eanio Arag\u00e3o.<\/p>\n<p>Ao longo do dia, est\u00e3o programados diversos atos pela cidade do Rio que culminam numa live, \u00e0s 18h, com a participa\u00e7\u00e3o do Presidente da CUT-Rio, Sandro Cezar, da secret\u00e1ria geral da CUT-Rio, Ligia Deslandes, do procurador do Minist\u00e9rio P\u00fablico do Trabalho\/RJ, Marcelo Jos\u00e9 Fernandes da Silva, da doutoranda em desenvolvimento econ\u00f4mico pela Unicamp, Juliane Furno, e do professor do Instituto de Economia da Unicamp, Marco Ant\u00f4nio Rocha. Algumas lideran\u00e7as sindicais tamb\u00e9m v\u00e3o participar ao longo da live, que acontece nos canais da CUT Rio no Facebook e Youtube.<\/p>\n<p>Por meio do manifesto, o Comit\u00ea busca apoiar a\u00e7\u00f5es conjuntas dos sindicatos, de defender e fortalecer as empresas p\u00fablicas e estatais. \u201cN\u00e3o \u00e9 uma quest\u00e3o corporativa. Queremos chamar a aten\u00e7\u00e3o da popula\u00e7\u00e3o apresentando a import\u00e2ncia das empresas p\u00fablicas, o quanto elas s\u00e3o fundamentais para o desenvolvimento econ\u00f4mico e a garantia da democracia e soberania do pa\u00eds\u201d, afirma o presidente da CUT-Rio, Sandro Cezar.<\/p>\n<p>Estatais como os Correios, Eletrobras, Dataprev, Serpro, Casa da Moeda, Caixa Econ\u00f4mica Federal, Banco do Brasil, Cedae, Fiocruz e o pr\u00f3prio SUS est\u00e3o sob ataque. Al\u00e9m das universidades federais e estaduais. A Central \u00danica dos Trabalhadores ressalta o papel important\u00edssimo dessas institui\u00e7\u00f5es no contexto da Covid-19 e a insensibilidade do governo Federal. Ao contr\u00e1rio de defender as estatais e o servi\u00e7o p\u00fablico como indispens\u00e1veis no enfrentamento da pandemia e da crise econ\u00f4mica, Bolsonaro e Guedes atuam para entregar o patrim\u00f4nio p\u00fablico. O Rio de Janeiro \u00e9 particularmente afetado pela possibilidade de privatiza\u00e7\u00e3o. Com sua heran\u00e7a de capital Federal, concentra in\u00fameras empresas e parte significativa do funcionalismo.<\/p>\n<p>Diversas figuras p\u00fablicas j\u00e1 demonstraram apoio \u00e0 iniciativa. Al\u00e9m dos citados anteriormente, est\u00e3o a deputada federal Benedita da Silva, o ex-senador Lindberg Farias, o deputado estadual Waldeck Carneiro, os vereadores Reimont e Luciana Novaes, o ex-ministro da Igualdade Edson Santos, a professora do Cefet, Elika Takimoto, o ex-deputado estadual Gilberto Palmares. Assim como o Sindpetro Caxias, Sindpetro Norte Fluminense, SitramicoRJ, SindPD, Sindicato dos Engenheiros, dos Banc\u00e1rios, dos Portu\u00e1rios, dos Enfermeiros, dos profissionais de Telecomunica\u00e7\u00f5es, o SindSa\u00fade, o Sintergia, entre outros.<\/p>\n<p>&#8220;A CUT-Rio e entidades parceiras acreditam que um pa\u00eds forte se constr\u00f3i com um estado fortalecido por suas estatais. Por isso, convida a todos para participar e assinar o manifesto em defesa das empresas p\u00fablicas e estatais do Rio de Janeiro e do Brasil, que est\u00e3o fortemente amea\u00e7adas pelo atual presidente da Rep\u00fablica, Jair Bolsonaro, e governador do Rio de Janeiro, Wilson Witzel. O manifesto est\u00e1 dispon\u00edvel para ades\u00f5es no site da CUT Rio&#8221;, informa a central.<\/p>\n","protected":false},"excerpt":{"rendered":"<p>Chico Buarque, Carol Proner e Osmar Prado s\u00e3o alguns dos apoiadores da iniciativa A Central \u00danica dos Trabalhadores do Rio de Janeiro, CUT Rio, em conjunto com entidades representativas dos servi\u00e7os p\u00fablicos, lan\u00e7a por meio do Comit\u00ea Estadual em Defesa das Estatais e do Servi\u00e7o P\u00fablico, nesta quinta-feira, 16, o manifesto \u201cO p\u00fablico \u00e9 bom, o p\u00fablico \u00e9 para todos! [&hellip;]<\/p>\n","protected":false},"author":27,"featured_media":0,"comment_status":"open","ping_status":"closed","sticky":false,"template":"","format":"standard","meta":{"footnotes":""},"categories":[2719],"tags":[1521,17909,17908,999,1201,3355,2050,390,1727,623,17910,6939,1411,545,1633,1834,1379,1260],"class_list":["post-16976","post","type-post","status-publish","format-standard","hentry","category-servidor","tag-assinatura","tag-carol-proner","tag-chico-buarque","tag-cut","tag-defesa","tag-desenvolvimento","tag-dirigentes","tag-empresas","tag-estatais","tag-manifesto","tag-osmar-prado","tag-personalidade","tag-politicos","tag-populacao","tag-publicas","tag-rio","tag-servicos","tag-sindicais"],"_links":{"self":[{"href":"https:\/\/blogs.correiobraziliense.com.br\/servidor\/wp-json\/wp\/v2\/posts\/16976","targetHints":{"allow":["GET"]}}],"collection":[{"href":"https:\/\/blogs.correiobraziliense.com.br\/servidor\/wp-json\/wp\/v2\/posts"}],"about":[{"href":"https:\/\/blogs.correiobraziliense.com.br\/servidor\/wp-json\/wp\/v2\/types\/post"}],"author":[{"embeddable":true,"href":"https:\/\/blogs.correiobraziliense.com.br\/servidor\/wp-json\/wp\/v2\/users\/27"}],"replies":[{"embeddable":true,"href":"https:\/\/blogs.correiobraziliense.com.br\/servidor\/wp-json\/wp\/v2\/comments?post=16976"}],"version-history":[{"count":1,"href":"https:\/\/blogs.correiobraziliense.com.br\/servidor\/wp-json\/wp\/v2\/posts\/16976\/revisions"}],"predecessor-version":[{"id":16977,"href":"https:\/\/blogs.correiobraziliense.com.br\/servidor\/wp-json\/wp\/v2\/posts\/16976\/revisions\/16977"}],"wp:attachment":[{"href":"https:\/\/blogs.correiobraziliense.com.br\/servidor\/wp-json\/wp\/v2\/media?parent=16976"}],"wp:term":[{"taxonomy":"category","embeddable":true,"href":"https:\/\/blogs.correiobraziliense.com.br\/servidor\/wp-json\/wp\/v2\/categories?post=16976"},{"taxonomy":"post_tag","embeddable":true,"href":"https:\/\/blogs.correiobraziliense.com.br\/servidor\/wp-json\/wp\/v2\/tags?post=16976"}],"curies":[{"name":"wp","href":"https:\/\/api.w.org\/{rel}","templated":true}]}}