{"id":16968,"date":"2020-07-15T16:12:04","date_gmt":"2020-07-15T19:12:04","guid":{"rendered":"https:\/\/blogs.correiobraziliense.com.br\/servidor\/?p=16968"},"modified":"2020-07-15T16:13:50","modified_gmt":"2020-07-15T19:13:50","slug":"economista-bernard-appy-debate-alternativas-para-a-reforma-tributaria","status":"publish","type":"post","link":"https:\/\/blogs.correiobraziliense.com.br\/servidor\/economista-bernard-appy-debate-alternativas-para-a-reforma-tributaria\/","title":{"rendered":"Economista Bernard Appy debate alternativas para a reforma tribut\u00e1ria"},"content":{"rendered":"<p><em><strong>Bernard Appy, economista e mentor da PEC 45\/19, uma das propostas mais avan\u00e7adas de reforma tribut\u00e1ria que tramita na C\u00e2mara dos Deputados, \u00e9 um dos convidados do Arena de Ideias, webinar da ag\u00eancia de comunica\u00e7\u00e3o In Press Oficina. O encontro virtual, nessa quinta-feira (16), \u00e0s 9h30, vai analisar a reestrutura\u00e7\u00e3o do sistema tribut\u00e1rio brasileiro especialmente no momento de retomada ap\u00f3s a pandemia de Covid-19<\/strong><\/em><\/p>\n<p>M\u00e1rio S\u00e9rgio Carraro Telles, gerente de Pol\u00edtica Econ\u00f4mica da Confedera\u00e7\u00e3o Nacional da Ind\u00fastria (CNI) e Kleber Cabral, presidente do Sindicato Nacional dos Auditores-Fiscais da Receita Federal do Brasil (Sindifisco Nacional) tamb\u00e9m ir\u00e3o participar da discuss\u00e3o. A videoconfer\u00eancia ser\u00e1 mediada pela jornalista Patr\u00edcia Marins, s\u00f3cia-diretora da In Press Oficina, especialista em gest\u00e3o de crise e Comunica\u00e7\u00e3o do Servi\u00e7o P\u00fablico pela Universidade George Washington (Washington DC).<\/p>\n<p>Para acompanhar o Webinar acesse e se inscreva no canal da In Press Oficina no Youtube pelo link https:\/\/bit.ly\/2JS9KK5<\/p>\n<p>SERVI\u00c7O:<br \/>\nArena de Ideias In Press Oficina<br \/>\nTema: \u201cReforma Tribut\u00e1ria e Desenvolvimento da Economia &#8221;<br \/>\nData: 16 de julho &#8211; quinta-feira<br \/>\nHor\u00e1rio: 9h30<br \/>\nLink: https:\/\/bit.ly\/2JS9KK5<\/p>\n","protected":false},"excerpt":{"rendered":"<p>Bernard Appy, economista e mentor da PEC 45\/19, uma das propostas mais avan\u00e7adas de reforma tribut\u00e1ria que tramita na C\u00e2mara dos Deputados, \u00e9 um dos convidados do Arena de Ideias, webinar da ag\u00eancia de comunica\u00e7\u00e3o In Press Oficina. O encontro virtual, nessa quinta-feira (16), \u00e0s 9h30, vai analisar a reestrutura\u00e7\u00e3o do sistema tribut\u00e1rio brasileiro especialmente no momento de retomada ap\u00f3s [&hellip;]<\/p>\n","protected":false},"author":27,"featured_media":0,"comment_status":"open","ping_status":"closed","sticky":false,"template":"","format":"standard","meta":{"footnotes":""},"categories":[2719],"tags":[2100,17901,1531,17256,6287,247,17255,17902,1376,12193],"class_list":["post-16968","post","type-post","status-publish","format-standard","hentry","category-servidor","tag-alternativas","tag-bernard-appy","tag-camara-dos-deputados","tag-covid-19","tag-economista","tag-fisco","tag-pandemia","tag-pec-45-18","tag-reestruturacao","tag-reforma-tributaria"],"_links":{"self":[{"href":"https:\/\/blogs.correiobraziliense.com.br\/servidor\/wp-json\/wp\/v2\/posts\/16968","targetHints":{"allow":["GET"]}}],"collection":[{"href":"https:\/\/blogs.correiobraziliense.com.br\/servidor\/wp-json\/wp\/v2\/posts"}],"about":[{"href":"https:\/\/blogs.correiobraziliense.com.br\/servidor\/wp-json\/wp\/v2\/types\/post"}],"author":[{"embeddable":true,"href":"https:\/\/blogs.correiobraziliense.com.br\/servidor\/wp-json\/wp\/v2\/users\/27"}],"replies":[{"embeddable":true,"href":"https:\/\/blogs.correiobraziliense.com.br\/servidor\/wp-json\/wp\/v2\/comments?post=16968"}],"version-history":[{"count":2,"href":"https:\/\/blogs.correiobraziliense.com.br\/servidor\/wp-json\/wp\/v2\/posts\/16968\/revisions"}],"predecessor-version":[{"id":16970,"href":"https:\/\/blogs.correiobraziliense.com.br\/servidor\/wp-json\/wp\/v2\/posts\/16968\/revisions\/16970"}],"wp:attachment":[{"href":"https:\/\/blogs.correiobraziliense.com.br\/servidor\/wp-json\/wp\/v2\/media?parent=16968"}],"wp:term":[{"taxonomy":"category","embeddable":true,"href":"https:\/\/blogs.correiobraziliense.com.br\/servidor\/wp-json\/wp\/v2\/categories?post=16968"},{"taxonomy":"post_tag","embeddable":true,"href":"https:\/\/blogs.correiobraziliense.com.br\/servidor\/wp-json\/wp\/v2\/tags?post=16968"}],"curies":[{"name":"wp","href":"https:\/\/api.w.org\/{rel}","templated":true}]}}