{"id":16941,"date":"2020-07-11T17:20:22","date_gmt":"2020-07-11T20:20:22","guid":{"rendered":"http:\/\/blogs.correiobraziliense.com.br\/servidor\/?p=16941"},"modified":"2020-07-11T17:20:22","modified_gmt":"2020-07-11T20:20:22","slug":"diap-125-parlamentares-sao-pre-candidatos-nas-eleicoes","status":"publish","type":"post","link":"https:\/\/blogs.correiobraziliense.com.br\/servidor\/diap-125-parlamentares-sao-pre-candidatos-nas-eleicoes\/","title":{"rendered":"Diap: 125 parlamentares s\u00e3o pr\u00e9-candidatos nas elei\u00e7\u00f5es"},"content":{"rendered":"<p><em><strong>Levantamento preliminar feito pelo Departamento Intersindical de Assessoria Parlamentar (Diap) aponta que 125 parlamentares \u2013 124 deputados federais e um senador &#8211; em exerc\u00edcio do mandato podem concorrer a uma vaga para prefeito ou vice-prefeito nas elei\u00e7\u00f5es municipais de 2020.\u00a0Por Estado, Bahia, S\u00e3o Paulo e Rio de Janeira lideram em nomes: 15, 14 e 9 respectivamente<\/strong><\/em><\/p>\n<div class=\"container\">\n<div class=\"content\">\n<article class=\"post\">\n<div class=\"item-page\">\n<p>O n\u00famero, caso seja confirmado no registro de candidaturas, ser\u00e1 maior que a m\u00e9dia hist\u00f3rica, que \u00e9 de 94 nomes, nas estat\u00edsticas do Diap.<\/p>\n<table border=\"1\">\n<tbody>\n<tr>\n<td colspan=\"9\"><strong>Estat\u00edstica dos parlamentares federais candidatos nas elei\u00e7\u00f5es municipais<\/strong><\/td>\n<\/tr>\n<tr>\n<td>ANO<\/td>\n<td>2018<\/td>\n<td>2016<\/td>\n<td>2012<\/td>\n<td>2008<\/td>\n<td>2004<\/td>\n<td>2000<\/td>\n<td>1996<\/td>\n<td>1992<\/td>\n<\/tr>\n<tr>\n<td>Deputados<\/td>\n<td>124<\/td>\n<td>81<\/td>\n<td>87<\/td>\n<td>86<\/td>\n<td>89<\/td>\n<td>94<\/td>\n<td>117<\/td>\n<td>86<\/td>\n<\/tr>\n<tr>\n<td>Senadores<\/td>\n<td>1<\/td>\n<td>2<\/td>\n<td>5<\/td>\n<td>3<\/td>\n<td>4<\/td>\n<td>4<\/td>\n<td>4<\/td>\n<td>2<\/td>\n<\/tr>\n<tr>\n<td>Total<\/td>\n<td>125<\/td>\n<td>83<\/td>\n<td>92<\/td>\n<td>89<\/td>\n<td>93<\/td>\n<td>98<\/td>\n<td>121<\/td>\n<td>88<\/td>\n<\/tr>\n<\/tbody>\n<\/table>\n<p>Dos que concorrem este ano, s\u00e3o 124 deputados federais, sendo 121 s\u00e3o candidatos a prefeito e tr\u00eas a vice-prefeito. O senador Eduardo Braga (MDB-AM) poder\u00e1 tentar concorrer pela terceira vez \u00e0 vaga de prefeito de Manaus.<\/p>\n<p>O aumento do n\u00famero de candidaturas caso se mantenha, na avalia\u00e7\u00e3o do Diap, decorre basicamente da exist\u00eancia do fundo para custear as campanhas eleitorais; das candidaturas de parlamentares competitivos nas bases eleitorais estrat\u00e9gicas para os partidos visando 2022; e a disputa municipal no campo ideol\u00f3gico reflexo da divis\u00e3o da popula\u00e7\u00e3o nas elei\u00e7\u00f5es gerais que deve tamb\u00e9m seguir a mesma tend\u00eancia de candidaturas de evang\u00e9licos e policiais.<\/p>\n<p>Como ocorreu nas elei\u00e7\u00f5es municipais anteriores, esse n\u00famero de candidaturas tende a reduzir e, em fun\u00e7\u00e3o disso, manter dentro da m\u00e9dia hist\u00f3rica de candidaturas de parlamentares acompanhada pelo Diap desde 1992.<\/p>\n<p><strong>Partido<\/strong><\/p>\n<p>O PT e PSL s\u00e3o os partidos que registram o maior n\u00famero de pr\u00e9-candidaturas de congressistas para concorrer \u00e0s prefeituras pelo Brasil. Respectivamente, s\u00e3o 13 contra 12. O PSB conta com 12 nomes seguido do PSD com 9, PDT, MDB e PSDB com 8 cada e PSOL com 7 parlamentares que cogitam o registro da candidatura.<\/p>\n<p><img decoding=\"async\" src=\"https:\/\/www.diap.org.br\/images\/stories\/Tabela_pre_candidatos_partido.PNG\" alt=\"Tabela pre candidatos partido\" \/><\/p>\n<p>E por Estado, Bahia, S\u00e3o Paulo e Rio de Janeira lideram em nomes: 15, 14 e 9 respectivamente. As capitas s\u00e3o as principais op\u00e7\u00f5es das pr\u00e9-candidaturas dos parlamentares em exerc\u00edcio do mandato no Congresso Nacional.<\/p>\n<p><img decoding=\"async\" src=\"https:\/\/www.diap.org.br\/images\/stories\/tabela_pre_candidatos_estado.PNG\" alt=\"tabela pre candidatos estado\" \/><\/p>\n<p><em>Levantamento conclu\u00eddo em 06.07.2020 consultou a imprensa e sites locais, pesquisas de opini\u00e3o e parcialmente as lideran\u00e7as partid\u00e1rias na C\u00e2mara dos Deputados que ainda est\u00e3o aguardando as decis\u00f5es dos parlamentares sobre as candidaturas.<\/em><\/p>\n<p><strong>Rela\u00e7\u00e3o completa<\/strong><\/p>\n<table border=\"1\">\n<tbody>\n<tr>\n<td><strong>Deputado<\/strong><\/td>\n<td><strong>Partido<\/strong><\/td>\n<td><strong>UF<\/strong><\/td>\n<td><strong>Cidade<\/strong><\/td>\n<td><strong>Candidatura<\/strong><\/td>\n<\/tr>\n<tr>\n<td>Dra. Vanda Milani<\/td>\n<td>SOLIDARIEDADE<\/td>\n<td>AC<\/td>\n<td>Cruzeiro do Sul<\/td>\n<td>Pr\u00e9-candidata<\/td>\n<\/tr>\n<tr>\n<td>J\u00e9ssica Sales<\/td>\n<td>MDB<\/td>\n<td>AC<\/td>\n<td>Cruzeiro do Sul<\/td>\n<td>Pr\u00e9-candidata<\/td>\n<\/tr>\n<tr>\n<td>Jhc<\/td>\n<td>PSB<\/td>\n<td>AL<\/td>\n<td>Macei\u00f3<\/td>\n<td>Pr\u00e9-candidato<\/td>\n<\/tr>\n<tr>\n<td>Tereza Nelma<\/td>\n<td>PSDB<\/td>\n<td>AL<\/td>\n<td>Macei\u00f3<\/td>\n<td>Pr\u00e9-candidato<\/td>\n<\/tr>\n<tr>\n<td>Bosco Saraiva<\/td>\n<td>SOLIDARIEDADE<\/td>\n<td>AM<\/td>\n<td>Manaus<\/td>\n<td>Pr\u00e9-candidato<\/td>\n<\/tr>\n<tr>\n<td>Capit\u00e3o Alberto Neto<\/td>\n<td>REPUBLICANOS<\/td>\n<td>AM<\/td>\n<td>Manaus<\/td>\n<td>pr\u00e9-candidato<\/td>\n<\/tr>\n<tr>\n<td>Delegado Pablo<\/td>\n<td>PSL<\/td>\n<td>AM<\/td>\n<td>Manaus<\/td>\n<td>Pr\u00e9-candidato<\/td>\n<\/tr>\n<tr>\n<td>Jos\u00e9 Ricardo<\/td>\n<td>PT<\/td>\n<td>AM<\/td>\n<td>Manaus<\/td>\n<td>Pr\u00e9-candidato<\/td>\n<\/tr>\n<tr>\n<td>Sidney Leite<\/td>\n<td>PSD<\/td>\n<td>AM<\/td>\n<td>Manaus<\/td>\n<td>Pr\u00e9-candidato<\/td>\n<\/tr>\n<tr>\n<td>Silas C\u00e2mara<\/td>\n<td>REPUBLICANOS<\/td>\n<td>AM<\/td>\n<td>Manaus<\/td>\n<td>Pr\u00e9-candidato<\/td>\n<\/tr>\n<tr>\n<td>Patricia Ferraz<\/td>\n<td>PODE<\/td>\n<td>AP<\/td>\n<td>Macap\u00e1<\/td>\n<td>Pr\u00e9-candidata<\/td>\n<\/tr>\n<tr>\n<td>Antonio Brito<\/td>\n<td>PSD<\/td>\n<td>BA<\/td>\n<td>Jequi\u00e9<\/td>\n<td>Pr\u00e9-candidato<\/td>\n<\/tr>\n<tr>\n<td>Bacelar<\/td>\n<td>PODE<\/td>\n<td>BA<\/td>\n<td>Salvador<\/td>\n<td>Pr\u00e9 candidato<\/td>\n<\/tr>\n<tr>\n<td>Jo\u00e3o Carlos Bacelar<\/td>\n<td>PL<\/td>\n<td>BA<\/td>\n<td>Salvador<\/td>\n<td>Pr\u00e9-candidato<\/td>\n<\/tr>\n<tr>\n<td>L\u00eddice da Mata<\/td>\n<td>PSB<\/td>\n<td>BA<\/td>\n<td>Salvador<\/td>\n<td>Pr\u00e9-candidato<\/td>\n<\/tr>\n<tr>\n<td>Pastor Sargento Isid\u00f3rio<\/td>\n<td>AVANTE<\/td>\n<td>BA<\/td>\n<td>Salvador<\/td>\n<td>Pr\u00e9-candidato<\/td>\n<\/tr>\n<tr>\n<td>Z\u00e9 Neto<\/td>\n<td>PT<\/td>\n<td>BA<\/td>\n<td>Feira de Santana<\/td>\n<td>Pr\u00e9-candidato<\/td>\n<\/tr>\n<tr>\n<td>Alice Portugal<\/td>\n<td>PCdoB<\/td>\n<td>BA<\/td>\n<td>Salvador<\/td>\n<td>Pr\u00e9-candidata<\/td>\n<\/tr>\n<tr>\n<td>Pastor Sargento Isid\u00f3rio<\/td>\n<td>AVANTE<\/td>\n<td>BA<\/td>\n<td>Salvador<\/td>\n<td>Pr\u00e9-candidato<\/td>\n<\/tr>\n<tr>\n<td>Waldenor Pereira<\/td>\n<td>PT<\/td>\n<td>BA<\/td>\n<td>Vit\u00f3ria da Conquista<\/td>\n<td>Pr\u00e9-candidato<\/td>\n<\/tr>\n<tr>\n<td>Capit\u00e3o Wagner<\/td>\n<td>PROS<\/td>\n<td>CE<\/td>\n<td>Fortaleza<\/td>\n<td>Pr\u00e9-candidato<\/td>\n<\/tr>\n<tr>\n<td>C\u00e9lio Studart<\/td>\n<td>PV<\/td>\n<td>CE<\/td>\n<td>Fortaleza<\/td>\n<td>Pr\u00e9-candidato<\/td>\n<\/tr>\n<tr>\n<td>Heitor Freire<\/td>\n<td>PSL<\/td>\n<td>CE<\/td>\n<td>Fortaleza<\/td>\n<td>Pr\u00e9-candidato<\/td>\n<\/tr>\n<tr>\n<td>Le\u00f4nidas Cristino<\/td>\n<td>PDT<\/td>\n<td>CE<\/td>\n<td>S\u00e3o Paulo<\/td>\n<td>Pr\u00e9-candidato<\/td>\n<\/tr>\n<tr>\n<td>Luizianne Lins<\/td>\n<td>PT<\/td>\n<td>CE<\/td>\n<td>Fortaleza<\/td>\n<td>Pr\u00e9-candidata<\/td>\n<\/tr>\n<tr>\n<td>Mauro Benevides Filho<\/td>\n<td>PDT<\/td>\n<td>CE<\/td>\n<td>Fortaleza<\/td>\n<td>Pr\u00e9-candidato<\/td>\n<\/tr>\n<tr>\n<td>Moses Rodrigues<\/td>\n<td>MDB<\/td>\n<td>CE<\/td>\n<td>Sobral<\/td>\n<td>Pr\u00e9-candidato<\/td>\n<\/tr>\n<tr>\n<td>Roberto Pessoa (Licenciado)<\/td>\n<td>PSDB<\/td>\n<td>CE<\/td>\n<td>Maracana\u00fa<\/td>\n<td>Pr\u00e9-candidato<\/td>\n<\/tr>\n<tr>\n<td>Amaro Neto<\/td>\n<td>REPUBLICANOS<\/td>\n<td>ES<\/td>\n<td>Serra<\/td>\n<td>Pr\u00e9-candidato<\/td>\n<\/tr>\n<tr>\n<td>Evair Vieira de Melo<\/td>\n<td>PP<\/td>\n<td>ES<\/td>\n<td>Vit\u00f3ria<\/td>\n<td>Pr\u00e9-candidato<\/td>\n<\/tr>\n<tr>\n<td>Norma Ayub<\/td>\n<td>DEM<\/td>\n<td>ES<\/td>\n<td>Marata\u00edzes<\/td>\n<td>Pr\u00e9-candidata<\/td>\n<\/tr>\n<tr>\n<td>Sergio Vidigal<\/td>\n<td>PDT<\/td>\n<td>ES<\/td>\n<td>Serra<\/td>\n<td>Pr\u00e9-candidato<\/td>\n<\/tr>\n<tr>\n<td>Ted Conti<\/td>\n<td>PSB<\/td>\n<td>ES<\/td>\n<td>Vila Velha<\/td>\n<td>Pr\u00e9-candidato<\/td>\n<\/tr>\n<tr>\n<td>Alcides Rodrigues<\/td>\n<td>PATRIOTA<\/td>\n<td>GO<\/td>\n<td>Goi\u00e2nia<\/td>\n<td>Pr\u00e9-candidato<\/td>\n<\/tr>\n<tr>\n<td>Elias Vaz<\/td>\n<td>PSB<\/td>\n<td>GO<\/td>\n<td>Goi\u00e2nia<\/td>\n<td>Pr\u00e9-candidato<\/td>\n<\/tr>\n<tr>\n<td>Francisco Jr<\/td>\n<td>PSD<\/td>\n<td>GO<\/td>\n<td>Goi\u00e2nia<\/td>\n<td>Pr\u00e9-candidato<\/td>\n<\/tr>\n<tr>\n<td>Glaustin Fokus<\/td>\n<td>PSC<\/td>\n<td>GO<\/td>\n<td>Aparecida de Goi\u00e2nia<\/td>\n<td>Pr\u00e9-candidato<\/td>\n<\/tr>\n<tr>\n<td>Professor Alcides<\/td>\n<td>PP<\/td>\n<td>GO<\/td>\n<td>Aparecida de Goi\u00e2nia<\/td>\n<td>Pr\u00e9-candidato<\/td>\n<\/tr>\n<tr>\n<td>Bira do Pindar\u00e9<\/td>\n<td>PSB<\/td>\n<td>MA<\/td>\n<td>S\u00e3o Lu\u00eds<\/td>\n<td>Pr\u00e9-candidato<\/td>\n<\/tr>\n<tr>\n<td>Eduardo Braide<\/td>\n<td>PODE<\/td>\n<td>MA<\/td>\n<td>S\u00e3o Lu\u00eds<\/td>\n<td>Pr\u00e9-candidato<\/td>\n<\/tr>\n<tr>\n<td>Pedro Lucas Fernandes<\/td>\n<td>PTB<\/td>\n<td>MA<\/td>\n<td>S\u00e3o Lu\u00eds<\/td>\n<td>Pr\u00e9-candidato<\/td>\n<\/tr>\n<tr>\n<td>Rubens Pereira J\u00fanior (Licenciado)<\/td>\n<td>PCdoB<\/td>\n<td>MA<\/td>\n<td>S\u00e3o Lu\u00eds<\/td>\n<td>Pr\u00e9-candidato<\/td>\n<\/tr>\n<tr>\n<td>Andr\u00e9 Janones<\/td>\n<td>AVANTE<\/td>\n<td>MG<\/td>\n<td>Belo Horizonte<\/td>\n<td>Pr\u00e9-candidato<\/td>\n<\/tr>\n<tr>\n<td>\u00c1urea Carolina<\/td>\n<td>PSOL<\/td>\n<td>MG<\/td>\n<td>Belo Horizonte<\/td>\n<td>Pr\u00e9 candidata<\/td>\n<\/tr>\n<tr>\n<td>Delegado Marcelo Freitas<\/td>\n<td>PSL<\/td>\n<td>MG<\/td>\n<td>Montes Claros<\/td>\n<td>Pr\u00e9-candidato<\/td>\n<\/tr>\n<tr>\n<td>Eros Biondini<\/td>\n<td>PROS<\/td>\n<td>MG<\/td>\n<td>Belo Horizonte<\/td>\n<td>Pr\u00e9-candidato<\/td>\n<\/tr>\n<tr>\n<td>Igor Timo<\/td>\n<td>PODE<\/td>\n<td>MG<\/td>\n<td>Belo Horizonte<\/td>\n<td>Pr\u00e9-candidato<\/td>\n<\/tr>\n<tr>\n<td>Leonardo Monteiro<\/td>\n<td>PT<\/td>\n<td>MG<\/td>\n<td>Governador Valadares<\/td>\n<td>Pr\u00e9-candidato<\/td>\n<\/tr>\n<tr>\n<td>Margarida Salom\u00e3o<\/td>\n<td>PT<\/td>\n<td>MG<\/td>\n<td>Juiz de Fora<\/td>\n<td>Pr\u00e9-candidata<\/td>\n<\/tr>\n<tr>\n<td>Rog\u00e9rio Correia<\/td>\n<td>PT<\/td>\n<td>MG<\/td>\n<td>Belo Horizonte<\/td>\n<td>Pr\u00e9-candidato<\/td>\n<\/tr>\n<tr>\n<td>Newton Cardoso Junior<\/td>\n<td>MDB<\/td>\n<td>MG<\/td>\n<td>Contagem<\/td>\n<td>Pr\u00e9-candidato<\/td>\n<\/tr>\n<tr>\n<td>Beto Pereira<\/td>\n<td>PSDB<\/td>\n<td>MS<\/td>\n<td>Campo Grance<\/td>\n<td>Pr\u00e9-candidato<\/td>\n<\/tr>\n<tr>\n<td>Dagoberto Nogueira<\/td>\n<td>PDT<\/td>\n<td>MS<\/td>\n<td>Campo Grance<\/td>\n<td>Pr\u00e9-candidato<\/td>\n<\/tr>\n<tr>\n<td>Emanuel Pinheiro Neto<\/td>\n<td>PTB<\/td>\n<td>MT<\/td>\n<td>V\u00e1rzea Grande<\/td>\n<td>Pr\u00e9-candidato<\/td>\n<\/tr>\n<tr>\n<td>Juarez Costa<\/td>\n<td>MDB<\/td>\n<td>MT<\/td>\n<td>Sinop<\/td>\n<td>Pr\u00e9-candidato<\/td>\n<\/tr>\n<tr>\n<td>C\u00e1ssio Andrade<\/td>\n<td>PSB<\/td>\n<td>PA<\/td>\n<td>Bel\u00e9m<\/td>\n<td>Pr\u00e9-candidato<\/td>\n<\/tr>\n<tr>\n<td>Celso Sabino<\/td>\n<td>PSDB<\/td>\n<td>PA<\/td>\n<td>Bel\u00e9m<\/td>\n<td>Pr\u00e9-candidato<\/td>\n<\/tr>\n<tr>\n<td>Delegado \u00c9der Mauro<\/td>\n<td>PSD<\/td>\n<td>PA<\/td>\n<td>Bel\u00e9m<\/td>\n<td>Pr\u00e9-candidato<\/td>\n<\/tr>\n<tr>\n<td>Edmilson Rodrigues<\/td>\n<td>PSOL<\/td>\n<td>PA<\/td>\n<td>Bel\u00e9m<\/td>\n<td>Pr\u00e9-candidato<\/td>\n<\/tr>\n<tr>\n<td>Elcione Barbalho<\/td>\n<td>MDB<\/td>\n<td>PA<\/td>\n<td>Bel\u00e9m<\/td>\n<td>Pr\u00e9-candidato<\/td>\n<\/tr>\n<tr>\n<td>Julian Lemos<\/td>\n<td>PSL<\/td>\n<td>PB<\/td>\n<td>Jo\u00e3o Pessoa<\/td>\n<td>Pr\u00e9-candidato<\/td>\n<\/tr>\n<tr>\n<td>Ruy Carneiro<\/td>\n<td>PSDB<\/td>\n<td>PB<\/td>\n<td>Jo\u00e3o Pessoa<\/td>\n<td>Pr\u00e9-candidato<\/td>\n<\/tr>\n<tr>\n<td>Daniel Coelho<\/td>\n<td>CIDADANIA<\/td>\n<td>PE<\/td>\n<td>Recife<\/td>\n<td>Pr\u00e9-candidato<\/td>\n<\/tr>\n<tr>\n<td>Felipe Carreras<\/td>\n<td>PSB<\/td>\n<td>PE<\/td>\n<td>Recife<\/td>\n<td>Pr\u00e9-candidato<\/td>\n<\/tr>\n<tr>\n<td>Mar\u00edlia Arraes<\/td>\n<td>PT<\/td>\n<td>PE<\/td>\n<td>Recife<\/td>\n<td>Pr\u00e9-candidata<\/td>\n<\/tr>\n<tr>\n<td>Tulio Gadelha<\/td>\n<td>PDT<\/td>\n<td>PE<\/td>\n<td>Recife<\/td>\n<td>Pr\u00e9-candidato<\/td>\n<\/tr>\n<tr>\n<td>Capit\u00e3o F\u00e1bio Abreu<\/td>\n<td>PL<\/td>\n<td>PI<\/td>\n<td>Teresina<\/td>\n<td>Pr\u00e9-candidato<\/td>\n<\/tr>\n<tr>\n<td>Marina Santos<\/td>\n<td>SOLIDARIEDADE<\/td>\n<td>PI<\/td>\n<td>Teresina<\/td>\n<td>Pr\u00e9-candidato<\/td>\n<\/tr>\n<tr>\n<td>Padre Jo\u00e3o<\/td>\n<td>PTB<\/td>\n<td>PI<\/td>\n<td>S\u00e3o Raimundo Nonato<\/td>\n<td>Pr\u00e9-candidato<\/td>\n<\/tr>\n<tr>\n<td>Aliel Machado<\/td>\n<td>PSB<\/td>\n<td>PR<\/td>\n<td>Ponta Grossa<\/td>\n<td>pr\u00e9-candidato<\/td>\n<\/tr>\n<tr>\n<td>Boca Aberta<\/td>\n<td>PROS<\/td>\n<td>PR<\/td>\n<td>Londrina<\/td>\n<td>Pr\u00e9-candidato<\/td>\n<\/tr>\n<tr>\n<td>Diego Garcia<\/td>\n<td>PODE<\/td>\n<td>PR<\/td>\n<td>Londrina<\/td>\n<td>Pr\u00e9-candidato<\/td>\n<\/tr>\n<tr>\n<td>Roman<\/td>\n<td>PATRIOTA<\/td>\n<td>PR<\/td>\n<td>Cascavel<\/td>\n<td>Pr\u00e9-candidato<\/td>\n<\/tr>\n<tr>\n<td>Filipe Barros<\/td>\n<td>PSL<\/td>\n<td>PR<\/td>\n<td>Londrina<\/td>\n<td>Pr\u00e9-candidato<\/td>\n<\/tr>\n<tr>\n<td>Gustavo Fruet<\/td>\n<td>PDT<\/td>\n<td>PR<\/td>\n<td>Curitiba<\/td>\n<td>Pr\u00e9-candidato<\/td>\n<\/tr>\n<tr>\n<td>Luciano Ducci<\/td>\n<td>PSB<\/td>\n<td>PR<\/td>\n<td>Curitiba<\/td>\n<td>Pr\u00e9-candidato<\/td>\n<\/tr>\n<tr>\n<td>Luiz\u00e3o Goulart<\/td>\n<td>REPUBLICANOS<\/td>\n<td>PR<\/td>\n<td>Curitiba<\/td>\n<td>Pr\u00e9-candidato<\/td>\n<\/tr>\n<tr>\n<td>Ney Leprevost<\/td>\n<td>PSD<\/td>\n<td>PR<\/td>\n<td>Curitiba<\/td>\n<td>Pr\u00e9-candidato<\/td>\n<\/tr>\n<tr>\n<td>Benedita da Silva<\/td>\n<td>PT<\/td>\n<td>RJ<\/td>\n<td>Rio de Janeiro<\/td>\n<td>Pr\u00e9-candidata<\/td>\n<\/tr>\n<tr>\n<td>Carlos Jordy<\/td>\n<td>PSL<\/td>\n<td>RJ<\/td>\n<td>Niter\u00f3i<\/td>\n<td>Pr\u00e9-candidato<\/td>\n<\/tr>\n<tr>\n<td>Clarissa Garotinho<\/td>\n<td>PROS<\/td>\n<td>RJ<\/td>\n<td>Rio de Janeiro<\/td>\n<td>Pr\u00e9-candidata<\/td>\n<\/tr>\n<tr>\n<td>Daniela do Waguinho<\/td>\n<td>MDB<\/td>\n<td>RJ<\/td>\n<td>Belford Roxo<\/td>\n<td>Pr\u00e9-candidata<\/td>\n<\/tr>\n<tr>\n<td>David Miranda<\/td>\n<td>PSOL<\/td>\n<td>RJ<\/td>\n<td>Rio de Janeiro<\/td>\n<td>Pr\u00e9-candidato<\/td>\n<\/tr>\n<tr>\n<td>Delegado Ant\u00f4nio Furtado<\/td>\n<td>PSL<\/td>\n<td>RJ<\/td>\n<td>Volta Redonda<\/td>\n<td>Pr\u00e9-candidato<\/td>\n<\/tr>\n<tr>\n<td>Fel\u00edcio Later\u00e7a<\/td>\n<td>PSL<\/td>\n<td>RJ<\/td>\n<td>Maca\u00e9<\/td>\n<td>Pr\u00e9-candidato<\/td>\n<\/tr>\n<tr>\n<td>Hugo Leal<\/td>\n<td>PSD<\/td>\n<td>RJ<\/td>\n<td>Rio de Janeiro<\/td>\n<td>Pr\u00e9-candidato<\/td>\n<\/tr>\n<tr>\n<td>Luiz Lima<\/td>\n<td>PSL<\/td>\n<td>RJ<\/td>\n<td>Rio de Janeiro<\/td>\n<td>Pr\u00e9-candidato<\/td>\n<\/tr>\n<tr>\n<td>Marcelo Calero<\/td>\n<td>CIDADANIA<\/td>\n<td>RJ<\/td>\n<td>Rio de Janeiro<\/td>\n<td>Pr\u00e9-candidato<\/td>\n<\/tr>\n<tr>\n<td>M\u00e1rcio Labre<\/td>\n<td>PSL<\/td>\n<td>RJ<\/td>\n<td>Rio de Janeiro<\/td>\n<td>Pr\u00e9-candidato<\/td>\n<\/tr>\n<tr>\n<td>Otoni de Paula<\/td>\n<td>PSC<\/td>\n<td>RJ<\/td>\n<td>Rio de Janeiro<\/td>\n<td>Pr\u00e9-candidato<\/td>\n<\/tr>\n<tr>\n<td>Wladimir Garotinho<\/td>\n<td>PSD<\/td>\n<td>RJ<\/td>\n<td>Campos<\/td>\n<td>Pr\u00e9-candidato<\/td>\n<\/tr>\n<tr>\n<td>Marcelo Freixo<\/td>\n<td>PSOL<\/td>\n<td>RJ<\/td>\n<td>Rio de Janeiro<\/td>\n<td>Pr\u00e9-candidato<\/td>\n<\/tr>\n<tr>\n<td>Carla Dickson<\/td>\n<td>PROS<\/td>\n<td>RN<\/td>\n<td>Natal<\/td>\n<td>Pr\u00e9-candidata a Vice-prefeita<\/td>\n<\/tr>\n<tr>\n<td>Mauro Nazif<\/td>\n<td>PSB<\/td>\n<td>RO<\/td>\n<td>Porto Velho<\/td>\n<td>Pr\u00e9-candidato<\/td>\n<\/tr>\n<tr>\n<td>Nicoletti<\/td>\n<td>PSL<\/td>\n<td>RR<\/td>\n<td>Boa Vista<\/td>\n<td>Pr\u00e9-candidato<\/td>\n<\/tr>\n<tr>\n<td>Sh\u00e9ridan<\/td>\n<td>PSDB<\/td>\n<td>RR<\/td>\n<td>Boa Vista<\/td>\n<td>Pr\u00e9-candidata<\/td>\n<\/tr>\n<tr>\n<td>Fernanda Melchionna<\/td>\n<td>PSOL<\/td>\n<td>RS<\/td>\n<td>Porto Alegre<\/td>\n<td>Pr\u00e9-candidata<\/td>\n<\/tr>\n<tr>\n<td>Maria do Ros\u00e1rio<\/td>\n<td>PT<\/td>\n<td>RS<\/td>\n<td>Porto Alegre<\/td>\n<td>Pr\u00e9-candidata<\/td>\n<\/tr>\n<tr>\n<td>Angela Amin<\/td>\n<td>PP<\/td>\n<td>SC<\/td>\n<td>Florian\u00f3polis<\/td>\n<td>Pr\u00e9-candidato<\/td>\n<\/tr>\n<tr>\n<td>Darci de Matos<\/td>\n<td>PSD<\/td>\n<td>SC<\/td>\n<td>Joinville<\/td>\n<td>Pr\u00e9-candidato<\/td>\n<\/tr>\n<tr>\n<td>Darc\u00edsio Perondi (Suplente que exerceu mandato)<\/td>\n<td>MDB<\/td>\n<td>SC<\/td>\n<td>Iju\u00ed<\/td>\n<td>Pr\u00e9-candidato<\/td>\n<\/tr>\n<tr>\n<td>Pedro Uczai<\/td>\n<td>PT<\/td>\n<td>SC<\/td>\n<td>Chapec\u00f3<\/td>\n<td>Pr\u00e9-candidato<\/td>\n<\/tr>\n<tr>\n<td>Rodrigo Coelho<\/td>\n<td>PSB<\/td>\n<td>SC<\/td>\n<td>Joinville<\/td>\n<td>Pr\u00e9-candidato<\/td>\n<\/tr>\n<tr>\n<td>F\u00e1bio Henrique<\/td>\n<td>PDT<\/td>\n<td>SE<\/td>\n<td>Nossa Senhora do Socorro<\/td>\n<td>Pr\u00e9-candidato<\/td>\n<\/tr>\n<tr>\n<td>F\u00e1bio Reis<\/td>\n<td>MDB<\/td>\n<td>SE<\/td>\n<td>Largado<\/td>\n<td>Pr\u00e9-candidato<\/td>\n<\/tr>\n<tr>\n<td>Gustinho Ribeiro<\/td>\n<td>SD<\/td>\n<td>SE<\/td>\n<td>S\u00e3o Crist\u00f3v\u00e3o<\/td>\n<td>Pr\u00e9-candidato<\/td>\n<\/tr>\n<tr>\n<td>Alex Manente<\/td>\n<td>CIDADANIA<\/td>\n<td>SP<\/td>\n<td>S\u00e3o Bernado<\/td>\n<td>Pr\u00e9-candidato<\/td>\n<\/tr>\n<tr>\n<td>Alexandre Frota<\/td>\n<td>PSDB<\/td>\n<td>SP<\/td>\n<td>Cotia<\/td>\n<td>Pr\u00e9-candidato<\/td>\n<\/tr>\n<tr>\n<td>Alexandre Leite<\/td>\n<td>DEM<\/td>\n<td>SP<\/td>\n<td>S\u00e3o Paulo<\/td>\n<td>Pr\u00e9-candidato a vice-prefeito<\/td>\n<\/tr>\n<tr>\n<td>Alexandre Padilha<\/td>\n<td>PT<\/td>\n<td>SP<\/td>\n<td>S\u00e3o Paulo<\/td>\n<td>Pr\u00e9-candidato a vice-prefeito<\/td>\n<\/tr>\n<tr>\n<td>Celso Russomanno<\/td>\n<td>REPUBLICANOS<\/td>\n<td>SP<\/td>\n<td>S\u00e3o Paulo<\/td>\n<td>Pr\u00e9-candidato<\/td>\n<\/tr>\n<tr>\n<td>Joice Hasselmann<\/td>\n<td>PSL<\/td>\n<td>SP<\/td>\n<td>S\u00e3o Paulo<\/td>\n<td>Pr\u00e9-candidata<\/td>\n<\/tr>\n<tr>\n<td>Luiza Erundina<\/td>\n<td>PSOL<\/td>\n<td>SP<\/td>\n<td>S\u00e3o Paulo<\/td>\n<td>Pr\u00e9-candidato<\/td>\n<\/tr>\n<tr>\n<td>Marco Bertaiolli<\/td>\n<td>PSD<\/td>\n<td>SP<\/td>\n<td>Mogi das Cruzes<\/td>\n<td>Pr\u00e9-candidato<\/td>\n<\/tr>\n<tr>\n<td>Milton Vieira<\/td>\n<td>REPUBLICANOS<\/td>\n<td>SP<\/td>\n<td>S\u00e3o Jos\u00e9<\/td>\n<td>Pr\u00e9-candidato<\/td>\n<\/tr>\n<tr>\n<td>Nilto Tatto<\/td>\n<td>PT<\/td>\n<td>SP<\/td>\n<td>S\u00e3o Paulo<\/td>\n<td>Pr\u00e9-candidato<\/td>\n<\/tr>\n<tr>\n<td>Orlando Silva<\/td>\n<td>PCdoB<\/td>\n<td>SP<\/td>\n<td>S\u00e3o Paulo<\/td>\n<td>Pr\u00e9-candidato<\/td>\n<\/tr>\n<tr>\n<td>Rosana Valle<\/td>\n<td>PSB<\/td>\n<td>SP<\/td>\n<td>Santos<\/td>\n<td>Pr\u00e9-candidato<\/td>\n<\/tr>\n<tr>\n<td>S\u00e2mia Bomfim<\/td>\n<td>PSOL<\/td>\n<td>SP<\/td>\n<td>S\u00e3o Paulo<\/td>\n<td>Pr\u00e9-candidato<\/td>\n<\/tr>\n<tr>\n<td>Vanderlei Macris<\/td>\n<td>PSDB<\/td>\n<td>SP<\/td>\n<td>Americana<\/td>\n<td>Pr\u00e9-candidato<\/td>\n<\/tr>\n<tr>\n<td>Tabata Amaral<\/td>\n<td>PDT<\/td>\n<td>SP<\/td>\n<td>S\u00e3o Paulo<\/td>\n<td>Pr\u00e9-candidata<\/td>\n<\/tr>\n<tr>\n<td>Eli Borges<\/td>\n<td>SOLIDARIEDADE<\/td>\n<td>TO<\/td>\n<td>Palmas<\/td>\n<td>Pr\u00e9-candidato<\/td>\n<\/tr>\n<tr>\n<td>Osires Damaso<\/td>\n<td>PSC<\/td>\n<td>TO<\/td>\n<td>Palmas<\/td>\n<td>Pr\u00e9-candidato<\/td>\n<\/tr>\n<tr>\n<td>Vicentinho J\u00fanior<\/td>\n<td>PL<\/td>\n<td>TO<\/td>\n<td>Palmas<\/td>\n<td>Pr\u00e9-candidato<\/td>\n<\/tr>\n<\/tbody>\n<\/table>\n<\/div>\n<\/article>\n<\/div>\n<aside class=\"main\">\n<div class=\"bannergroup\">\n<div class=\"banneritem\">Fonte: Diap<\/div>\n<\/div>\n<\/aside>\n<\/div>\n","protected":false},"excerpt":{"rendered":"<p>Levantamento preliminar feito pelo Departamento Intersindical de Assessoria Parlamentar (Diap) aponta que 125 parlamentares \u2013 124 deputados federais e um senador &#8211; em exerc\u00edcio do mandato podem concorrer a uma vaga para prefeito ou vice-prefeito nas elei\u00e7\u00f5es municipais de 2020.\u00a0Por Estado, Bahia, S\u00e3o Paulo e Rio de Janeira lideram em nomes: 15, 14 e 9 respectivamente O n\u00famero, caso seja [&hellip;]<\/p>\n","protected":false},"author":89,"featured_media":0,"comment_status":"open","ping_status":"closed","sticky":false,"template":"","format":"standard","meta":{"footnotes":""},"categories":[2719],"tags":[16641,1257,8166,15043,2048,2407,3192,2021,2610,13629,4458,16681,9140,10769,5026,1061,1690,268,110,545,10523,3541,2625,5499,2858,4398],"class_list":["post-16941","post","type-post","status-publish","format-standard","hentry","category-servidor","tag-16641","tag-bases","tag-campanhas","tag-deputados-federais","tag-diap","tag-disputa","tag-divisao","tag-eleicoes","tag-estatisticas","tag-evangelicos","tag-fundo","tag-gerais","tag-historica","tag-ideologico","tag-mandato","tag-media","tag-municipais","tag-parlamentares","tag-policiais","tag-populacao","tag-pre-candidatos","tag-prefeito","tag-registro","tag-senador","tag-tendencia","tag-vice-prefeito"],"_links":{"self":[{"href":"https:\/\/blogs.correiobraziliense.com.br\/servidor\/wp-json\/wp\/v2\/posts\/16941","targetHints":{"allow":["GET"]}}],"collection":[{"href":"https:\/\/blogs.correiobraziliense.com.br\/servidor\/wp-json\/wp\/v2\/posts"}],"about":[{"href":"https:\/\/blogs.correiobraziliense.com.br\/servidor\/wp-json\/wp\/v2\/types\/post"}],"author":[{"embeddable":true,"href":"https:\/\/blogs.correiobraziliense.com.br\/servidor\/wp-json\/wp\/v2\/users\/89"}],"replies":[{"embeddable":true,"href":"https:\/\/blogs.correiobraziliense.com.br\/servidor\/wp-json\/wp\/v2\/comments?post=16941"}],"version-history":[{"count":0,"href":"https:\/\/blogs.correiobraziliense.com.br\/servidor\/wp-json\/wp\/v2\/posts\/16941\/revisions"}],"wp:attachment":[{"href":"https:\/\/blogs.correiobraziliense.com.br\/servidor\/wp-json\/wp\/v2\/media?parent=16941"}],"wp:term":[{"taxonomy":"category","embeddable":true,"href":"https:\/\/blogs.correiobraziliense.com.br\/servidor\/wp-json\/wp\/v2\/categories?post=16941"},{"taxonomy":"post_tag","embeddable":true,"href":"https:\/\/blogs.correiobraziliense.com.br\/servidor\/wp-json\/wp\/v2\/tags?post=16941"}],"curies":[{"name":"wp","href":"https:\/\/api.w.org\/{rel}","templated":true}]}}