{"id":16935,"date":"2020-07-11T14:49:54","date_gmt":"2020-07-11T17:49:54","guid":{"rendered":"http:\/\/blogs.correiobraziliense.com.br\/servidor\/?p=16935"},"modified":"2020-07-11T14:49:54","modified_gmt":"2020-07-11T17:49:54","slug":"ims-uerj-preparatorio-de-mestrado-e-doutorado-para-pessoas-negras-indigenas-e-trans","status":"publish","type":"post","link":"https:\/\/blogs.correiobraziliense.com.br\/servidor\/ims-uerj-preparatorio-de-mestrado-e-doutorado-para-pessoas-negras-indigenas-e-trans\/","title":{"rendered":"IMS\/Uerj &#8211; Preparat\u00f3rio de mestrado e doutorado para pessoas negras, ind\u00edgenas e trans"},"content":{"rendered":"<p><em><strong>O Coletivo Negro Makota Valdina, do Programa de P\u00f3s-Gradua\u00e7\u00e3o em Sa\u00fade Coletiva do Instituto de Medicina Social da UERJ (PGSC\/IMS\/UERJ), torna p\u00fablica a chamada para a segunda turma do Curso Preparat\u00f3rio para pessoas negras, ind\u00edgenas e trans, para o ingresso no mestrado e doutorado nos tr\u00eas departamentos do IMS em 2021. Inscri\u00e7\u00f5es at\u00e9 20 de julho<\/strong><\/em><\/p>\n<p>O curso ser\u00e1 inteiramente gratuito e ministrado pelos integrantes do Coletivo, com a eventual possibilidade de colaboradores. Por conta das intercorr\u00eancias causadas pela pandemia ainda n\u00e3o foi divulgado o calend\u00e1rio do curso pronto, mas os inscritos, em breve, receber\u00e3o as orienta\u00e7\u00f5es acerca do desenvolvimento do curso. O Coletivo Negro Makota Valdina providenciar\u00e1 op\u00e7\u00f5es \u00e0queles que n\u00e3o disp\u00f5em de acesso \u00e0 internet.<\/p>\n<p>O per\u00edodo de Inscri\u00e7\u00f5es vai at\u00e9 20\/07\/2020 atrav\u00e9s do link <a href=\"https:\/\/forms.gle\/DkJh1DCqqnd7GFE57.\">https:\/\/forms.gle\/DkJh1DCqqnd7GFE57.<\/a><\/p>\n<p>&nbsp;<\/p>\n","protected":false},"excerpt":{"rendered":"<p>O Coletivo Negro Makota Valdina, do Programa de P\u00f3s-Gradua\u00e7\u00e3o em Sa\u00fade Coletiva do Instituto de Medicina Social da UERJ (PGSC\/IMS\/UERJ), torna p\u00fablica a chamada para a segunda turma do Curso Preparat\u00f3rio para pessoas negras, ind\u00edgenas e trans, para o ingresso no mestrado e doutorado nos tr\u00eas departamentos do IMS em 2021. Inscri\u00e7\u00f5es at\u00e9 20 de julho O curso ser\u00e1 inteiramente [&hellip;]<\/p>\n","protected":false},"author":89,"featured_media":0,"comment_status":"open","ping_status":"closed","sticky":false,"template":"","format":"standard","meta":{"footnotes":""},"categories":[2719],"tags":[1828,7508,425,5368,2345,17889,1381,2882,424,6564,17255,6670,3766],"class_list":["post-16935","post","type-post","status-publish","format-standard","hentry","category-servidor","tag-calendario","tag-departamentos","tag-doutorado","tag-gratis","tag-gratuito","tag-ims-uerj","tag-indigenas","tag-internet","tag-mestrado","tag-negras","tag-pandemia","tag-preparatorio","tag-trans"],"_links":{"self":[{"href":"https:\/\/blogs.correiobraziliense.com.br\/servidor\/wp-json\/wp\/v2\/posts\/16935","targetHints":{"allow":["GET"]}}],"collection":[{"href":"https:\/\/blogs.correiobraziliense.com.br\/servidor\/wp-json\/wp\/v2\/posts"}],"about":[{"href":"https:\/\/blogs.correiobraziliense.com.br\/servidor\/wp-json\/wp\/v2\/types\/post"}],"author":[{"embeddable":true,"href":"https:\/\/blogs.correiobraziliense.com.br\/servidor\/wp-json\/wp\/v2\/users\/89"}],"replies":[{"embeddable":true,"href":"https:\/\/blogs.correiobraziliense.com.br\/servidor\/wp-json\/wp\/v2\/comments?post=16935"}],"version-history":[{"count":0,"href":"https:\/\/blogs.correiobraziliense.com.br\/servidor\/wp-json\/wp\/v2\/posts\/16935\/revisions"}],"wp:attachment":[{"href":"https:\/\/blogs.correiobraziliense.com.br\/servidor\/wp-json\/wp\/v2\/media?parent=16935"}],"wp:term":[{"taxonomy":"category","embeddable":true,"href":"https:\/\/blogs.correiobraziliense.com.br\/servidor\/wp-json\/wp\/v2\/categories?post=16935"},{"taxonomy":"post_tag","embeddable":true,"href":"https:\/\/blogs.correiobraziliense.com.br\/servidor\/wp-json\/wp\/v2\/tags?post=16935"}],"curies":[{"name":"wp","href":"https:\/\/api.w.org\/{rel}","templated":true}]}}