{"id":16917,"date":"2020-07-10T11:35:17","date_gmt":"2020-07-10T14:35:17","guid":{"rendered":"http:\/\/blogs.correiobraziliense.com.br\/servidor\/?p=16917"},"modified":"2020-07-10T11:35:17","modified_gmt":"2020-07-10T14:35:17","slug":"receita-federal-informa-que-lives-sao-sem-custo-para-a-administracao","status":"publish","type":"post","link":"https:\/\/blogs.correiobraziliense.com.br\/servidor\/receita-federal-informa-que-lives-sao-sem-custo-para-a-administracao\/","title":{"rendered":"Receita Federal informa que lives s\u00e3o sem custo para a administra\u00e7\u00e3o"},"content":{"rendered":"<p><em><strong>Em resposta a mat\u00e9ria publicada no <a href=\"http:\/\/blogs.correiobraziliense.com.br\/servidor\/profissionais-da-receita-indignados-com-discussoes-vazias-da-atual-gestao\/\">Blog do Servidor<\/a>, sobre a rea\u00e7\u00e3o de alguns servidores em rela\u00e7\u00e3o a um suposto gasto desnecess\u00e1rio de tempo e recurso dos gestores, a Receita Federal informa:<\/strong><\/em><\/p>\n<p>&#8220;Em fun\u00e7\u00e3o das medidas de isolamento social, impostas pela pandemia, a \u00e1rea de Valoriza\u00e7\u00e3o e Qualidade de Vida no Trabalho (QVT) da Receita Federal vem realizando a\u00e7\u00f5es com foco na sa\u00fade e bem-estar de servidores, incluindo uma s\u00e9rie de palestras em formato de live.<\/p>\n<p>As lives tem sido realizadas sem custo para administra\u00e7\u00e3o p\u00fablica, pois s\u00e3o resultantes de a\u00e7\u00f5es volunt\u00e1rias dos palestrantes (servidores ativos, aposentados ou especialistas externos), que s\u00e3o convidados nessa condi\u00e7\u00e3o.<\/p>\n<p>Entre os temas abordados nas lives est\u00e3o ainda: sa\u00fade mental, ansiedade na quarentena, intelig\u00eancia emocional e resili\u00eancia, exerc\u00edcios f\u00edsicos durante a quarentena, como lidar com as mudan\u00e7as do momento atual&#8221;<\/p>\n","protected":false},"excerpt":{"rendered":"<p>Em resposta a mat\u00e9ria publicada no Blog do Servidor, sobre a rea\u00e7\u00e3o de alguns servidores em rela\u00e7\u00e3o a um suposto gasto desnecess\u00e1rio de tempo e recurso dos gestores, a Receita Federal informa: &#8220;Em fun\u00e7\u00e3o das medidas de isolamento social, impostas pela pandemia, a \u00e1rea de Valoriza\u00e7\u00e3o e Qualidade de Vida no Trabalho (QVT) da Receita Federal vem realizando a\u00e7\u00f5es com [&hellip;]<\/p>\n","protected":false},"author":89,"featured_media":0,"comment_status":"open","ping_status":"closed","sticky":false,"template":"","format":"standard","meta":{"footnotes":""},"categories":[2719],"tags":[1191,6475,2116,17450,294,58,14671],"class_list":["post-16917","post","type-post","status-publish","format-standard","hentry","category-servidor","tag-administracao","tag-convidados","tag-custo","tag-lives","tag-receita-federal","tag-servidores","tag-voluntarias"],"_links":{"self":[{"href":"https:\/\/blogs.correiobraziliense.com.br\/servidor\/wp-json\/wp\/v2\/posts\/16917","targetHints":{"allow":["GET"]}}],"collection":[{"href":"https:\/\/blogs.correiobraziliense.com.br\/servidor\/wp-json\/wp\/v2\/posts"}],"about":[{"href":"https:\/\/blogs.correiobraziliense.com.br\/servidor\/wp-json\/wp\/v2\/types\/post"}],"author":[{"embeddable":true,"href":"https:\/\/blogs.correiobraziliense.com.br\/servidor\/wp-json\/wp\/v2\/users\/89"}],"replies":[{"embeddable":true,"href":"https:\/\/blogs.correiobraziliense.com.br\/servidor\/wp-json\/wp\/v2\/comments?post=16917"}],"version-history":[{"count":0,"href":"https:\/\/blogs.correiobraziliense.com.br\/servidor\/wp-json\/wp\/v2\/posts\/16917\/revisions"}],"wp:attachment":[{"href":"https:\/\/blogs.correiobraziliense.com.br\/servidor\/wp-json\/wp\/v2\/media?parent=16917"}],"wp:term":[{"taxonomy":"category","embeddable":true,"href":"https:\/\/blogs.correiobraziliense.com.br\/servidor\/wp-json\/wp\/v2\/categories?post=16917"},{"taxonomy":"post_tag","embeddable":true,"href":"https:\/\/blogs.correiobraziliense.com.br\/servidor\/wp-json\/wp\/v2\/tags?post=16917"}],"curies":[{"name":"wp","href":"https:\/\/api.w.org\/{rel}","templated":true}]}}