{"id":16906,"date":"2020-07-09T18:24:21","date_gmt":"2020-07-09T21:24:21","guid":{"rendered":"http:\/\/blogs.correiobraziliense.com.br\/servidor\/?p=16906"},"modified":"2020-07-09T18:24:21","modified_gmt":"2020-07-09T21:24:21","slug":"profissionais-da-receita-indignados-com-discussoes-vazias-da-atual-gestao","status":"publish","type":"post","link":"https:\/\/blogs.correiobraziliense.com.br\/servidor\/profissionais-da-receita-indignados-com-discussoes-vazias-da-atual-gestao\/","title":{"rendered":"Profissionais da Receita indignados com discuss\u00f5es vazias da atual gest\u00e3o"},"content":{"rendered":"<p><em><strong>Auditores-fiscais da Receita Federal querem mais capacita\u00e7\u00e3o e menos perda de tempo. Antes de discutir sobre &#8220;sexualidade&#8221;, pedem mais aten\u00e7\u00e3o aos tempos de pandemia. Parece que o Le\u00e3o, agora, ruge, mas n\u00e3o morde<\/strong><\/em><\/p>\n<p>Na \u00faltima semana, pasmem, foi publicado nas redes internas e tamb\u00e9m circulou pelos grupos de whatsapp de v\u00e1rios auditores-fiscais da Receita Federal um convite para um webinar sobre \u201cA Sexualidade em tempos de pandemia\u201d, que dever\u00e1 acontecer no pr\u00f3ximo dia 23 &#8211; em plena hora de trabalho, \u00e0s 10 horas da matina.<\/p>\n<p>A categoria, que vem lutando por v\u00e1rias pautas at\u00e9 o momento n\u00e3o atendidas, e defende o uso adequado dos recursos p\u00fablicos, estranhou a iniciativa. O convite despertou indigna\u00e7\u00e3o por parte dos auditores federais com a Receita Federal pelo tipo de programa (acharam inadequado) e pelo fato de terem solicitado in\u00fameras vezes investimento de recurso e tempo para capacita\u00e7\u00e3o na \u00e1rea de arrecada\u00e7\u00e3o nesse momento de pandemia. Pelo jeito, as prioridades da coordena\u00e7\u00e3o de gest\u00e3o de pessoas da Receita s\u00e3o outras!<\/p>\n","protected":false},"excerpt":{"rendered":"<p>Auditores-fiscais da Receita Federal querem mais capacita\u00e7\u00e3o e menos perda de tempo. Antes de discutir sobre &#8220;sexualidade&#8221;, pedem mais aten\u00e7\u00e3o aos tempos de pandemia. Parece que o Le\u00e3o, agora, ruge, mas n\u00e3o morde Na \u00faltima semana, pasmem, foi publicado nas redes internas e tamb\u00e9m circulou pelos grupos de whatsapp de v\u00e1rios auditores-fiscais da Receita Federal um convite para um webinar [&hellip;]<\/p>\n","protected":false},"author":89,"featured_media":0,"comment_status":"open","ping_status":"closed","sticky":false,"template":"","format":"standard","meta":{"footnotes":""},"categories":[2719],"tags":[946,648,3866,13521,9037,315,2215,4279,17255,5825,1075,294,17304],"class_list":["post-16906","post","type-post","status-publish","format-standard","hentry","category-servidor","tag-arrecadacao","tag-auditores-fiscais","tag-capacitacao","tag-coordenacao","tag-discussoes","tag-gestao","tag-indignados","tag-leao","tag-pandemia","tag-prioridades","tag-profissionais","tag-receita-federal","tag-sexualidade"],"_links":{"self":[{"href":"https:\/\/blogs.correiobraziliense.com.br\/servidor\/wp-json\/wp\/v2\/posts\/16906","targetHints":{"allow":["GET"]}}],"collection":[{"href":"https:\/\/blogs.correiobraziliense.com.br\/servidor\/wp-json\/wp\/v2\/posts"}],"about":[{"href":"https:\/\/blogs.correiobraziliense.com.br\/servidor\/wp-json\/wp\/v2\/types\/post"}],"author":[{"embeddable":true,"href":"https:\/\/blogs.correiobraziliense.com.br\/servidor\/wp-json\/wp\/v2\/users\/89"}],"replies":[{"embeddable":true,"href":"https:\/\/blogs.correiobraziliense.com.br\/servidor\/wp-json\/wp\/v2\/comments?post=16906"}],"version-history":[{"count":0,"href":"https:\/\/blogs.correiobraziliense.com.br\/servidor\/wp-json\/wp\/v2\/posts\/16906\/revisions"}],"wp:attachment":[{"href":"https:\/\/blogs.correiobraziliense.com.br\/servidor\/wp-json\/wp\/v2\/media?parent=16906"}],"wp:term":[{"taxonomy":"category","embeddable":true,"href":"https:\/\/blogs.correiobraziliense.com.br\/servidor\/wp-json\/wp\/v2\/categories?post=16906"},{"taxonomy":"post_tag","embeddable":true,"href":"https:\/\/blogs.correiobraziliense.com.br\/servidor\/wp-json\/wp\/v2\/tags?post=16906"}],"curies":[{"name":"wp","href":"https:\/\/api.w.org\/{rel}","templated":true}]}}