{"id":16881,"date":"2020-07-08T15:37:48","date_gmt":"2020-07-08T18:37:48","guid":{"rendered":"http:\/\/blogs.correiobraziliense.com.br\/servidor\/?p=16881"},"modified":"2020-07-08T15:37:48","modified_gmt":"2020-07-08T18:37:48","slug":"terminam-hoje-as-inscricoes-para-pregoeiros-da-cgu","status":"publish","type":"post","link":"https:\/\/blogs.correiobraziliense.com.br\/servidor\/terminam-hoje-as-inscricoes-para-pregoeiros-da-cgu\/","title":{"rendered":"Terminam hoje as inscri\u00e7\u00f5es para pregoeiros da CGU"},"content":{"rendered":"<p><em><strong>Oportunidade para servidores p\u00fablicos da administra\u00e7\u00e3o p\u00fablica direta, residentes no Distrito Federal. Inscri\u00e7\u00f5es se encerram hoje, 8 de julho.\u00a0O resultado do processo seletivo ser\u00e1 publicado no site da CGU at\u00e9 o dia 15 de julho<\/strong><\/em><\/p>\n<p>A Controladoria-Geral da Uni\u00e3o (CGU) divulgou edital de processo seletivo simplificado de dois servidores p\u00fablicos que morem no Distrito Federal, com certificado de pregoeiro e experi\u00eancia m\u00ednima de um ano na \u00e1rea, para atuar na Coordena\u00e7\u00e3o de Licita\u00e7\u00f5es (Colic) do \u00f3rg\u00e3o.<\/p>\n<p>S\u00e3o duas vagas com Gratifica\u00e7\u00f5es Tempor\u00e1rias das Unidades dos Sistemas Estruturadores da Administra\u00e7\u00e3o P\u00fablica Federal (Gsiste), sendo uma de n\u00edvel superior, com gradua\u00e7\u00e3o em qualquer \u00e1rea de conhecimento para a Gsiste, e outra de n\u00edvel m\u00e9dio. Os selecionados v\u00e3o atuar em atividades de planejamento, governan\u00e7a, modelos, assessoramento e articula\u00e7\u00e3o institucional.<\/p>\n<p><a href=\"https:\/\/www.gov.br\/cgu\/pt-br\/assuntos\/noticias\/2020\/07\/processo-seletivo-cgu-publica-edital-para-selecao-de-pregoeiros\/sei_cgu-1543518-edital.pdf\">Veja o edital na \u00edntegra<\/a><\/p>\n<p><strong>Servi\u00e7o<\/strong><\/p>\n<p>Processo seletivo para pregoeiro<br \/>\n&#8211; Inscri\u00e7\u00f5es: De 2 a 8 de julho, por meio do formul\u00e1rio no endere\u00e7o <a href=\"https:\/\/formularios.cgu.gov.br\/index.php\/695743?lang=pt-BR\">https:\/\/formularios.cgu.gov.br\/index.php\/695743?lang=pt-BR<\/a>. Os candidatos ser\u00e3o selecionados com base nos curr\u00edculos para posterior entrevista.<br \/>\n&#8211; Agendamento de entrevistas: De 9 a 13 de julho. Agendamento e entrevistas por v\u00eddeo chamada.<br \/>\n&#8211; Resultado: 15 de julho. O resultado do processo seletivo ser\u00e1 publicado no site da CGU (<a href=\"https:\/\/www.gov.br\/cgu\/pt-br\">www.cgu.gov.br<\/a>). Para a efetiva\u00e7\u00e3o da requisi\u00e7\u00e3o ser\u00e1 necess\u00e1ria a anu\u00eancia das chefias do \u00f3rg\u00e3o de origem.<\/p>\n","protected":false},"excerpt":{"rendered":"<p>Oportunidade para servidores p\u00fablicos da administra\u00e7\u00e3o p\u00fablica direta, residentes no Distrito Federal. Inscri\u00e7\u00f5es se encerram hoje, 8 de julho.\u00a0O resultado do processo seletivo ser\u00e1 publicado no site da CGU at\u00e9 o dia 15 de julho A Controladoria-Geral da Uni\u00e3o (CGU) divulgou edital de processo seletivo simplificado de dois servidores p\u00fablicos que morem no Distrito Federal, com certificado de pregoeiro e [&hellip;]<\/p>\n","protected":false},"author":89,"featured_media":0,"comment_status":"open","ping_status":"closed","sticky":false,"template":"","format":"standard","meta":{"footnotes":""},"categories":[2719],"tags":[93,92,5183,4716,781,7907,309,17860,3645,58],"class_list":["post-16881","post","type-post","status-publish","format-standard","hentry","category-servidor","tag-concurso","tag-edital","tag-experiencia","tag-graduacao","tag-inscricoes","tag-nivel-medio","tag-nivel-superior","tag-pregoeiros","tag-selecao","tag-servidores"],"_links":{"self":[{"href":"https:\/\/blogs.correiobraziliense.com.br\/servidor\/wp-json\/wp\/v2\/posts\/16881","targetHints":{"allow":["GET"]}}],"collection":[{"href":"https:\/\/blogs.correiobraziliense.com.br\/servidor\/wp-json\/wp\/v2\/posts"}],"about":[{"href":"https:\/\/blogs.correiobraziliense.com.br\/servidor\/wp-json\/wp\/v2\/types\/post"}],"author":[{"embeddable":true,"href":"https:\/\/blogs.correiobraziliense.com.br\/servidor\/wp-json\/wp\/v2\/users\/89"}],"replies":[{"embeddable":true,"href":"https:\/\/blogs.correiobraziliense.com.br\/servidor\/wp-json\/wp\/v2\/comments?post=16881"}],"version-history":[{"count":0,"href":"https:\/\/blogs.correiobraziliense.com.br\/servidor\/wp-json\/wp\/v2\/posts\/16881\/revisions"}],"wp:attachment":[{"href":"https:\/\/blogs.correiobraziliense.com.br\/servidor\/wp-json\/wp\/v2\/media?parent=16881"}],"wp:term":[{"taxonomy":"category","embeddable":true,"href":"https:\/\/blogs.correiobraziliense.com.br\/servidor\/wp-json\/wp\/v2\/categories?post=16881"},{"taxonomy":"post_tag","embeddable":true,"href":"https:\/\/blogs.correiobraziliense.com.br\/servidor\/wp-json\/wp\/v2\/tags?post=16881"}],"curies":[{"name":"wp","href":"https:\/\/api.w.org\/{rel}","templated":true}]}}