{"id":16865,"date":"2020-07-07T14:54:21","date_gmt":"2020-07-07T17:54:21","guid":{"rendered":"http:\/\/blogs.correiobraziliense.com.br\/servidor\/?p=16865"},"modified":"2020-07-07T14:54:21","modified_gmt":"2020-07-07T17:54:21","slug":"lideres-debaterao-na-cupula-mundial-virtual-da-oit-a-covid-19-e-o-mundo-do-trabalho","status":"publish","type":"post","link":"https:\/\/blogs.correiobraziliense.com.br\/servidor\/lideres-debaterao-na-cupula-mundial-virtual-da-oit-a-covid-19-e-o-mundo-do-trabalho\/","title":{"rendered":"L\u00edderes debater\u00e3o na C\u00fapula Mundial virtual da OIT a Covid-19 e o mundo do trabalho"},"content":{"rendered":"<p><em><strong>A maior reuni\u00e3o online de trabalhadores, empregadores e governos realizada at\u00e9 o momento discutir\u00e1 como facilitar a reconstru\u00e7\u00e3o durante a recupera\u00e7\u00e3o p\u00f3s-pandemia.<\/strong><\/em><\/p>\n<p>Mais de 50 chefes de Estado e de governo, al\u00e9m de l\u00edderes empresariais e sindicais de todo o mundo, participar\u00e3o de um debate global online sobre a Covid-19 e o mundo do trabalho que ocorrer\u00e1 de 7 a 9 de julho.<\/p>\n<p>O debate abranger\u00e1 todas as regi\u00f5es e os participantes falar\u00e3o na C\u00fapula por meio de mensagens de v\u00eddeo. Ant\u00f3nio Guterres, secret\u00e1rio-geral das Na\u00e7\u00f5es Unidas, far\u00e1 um discurso, bem como representantes de v\u00e1rios organismos internacionais e das Na\u00e7\u00f5es Unidas.<\/p>\n<p>A C\u00fapula \u00e9 a maior reuni\u00e3o online de trabalhadores, empregadores e governos at\u00e9 o momento. Os participantes abordar\u00e3o os efeitos econ\u00f4micos e sociais da pandemia, que revelou a grande vulnerabilidade de milh\u00f5es de trabalhadores, trabalhadoras e de empresas.<\/p>\n<p>Entre as quest\u00f5es a serem tratadas durante a C\u00fapula Mundial est\u00e3o:<\/p>\n<p>Como promover o emprego pleno e produtivo na situa\u00e7\u00e3o atual;<br \/>\nAs medidas a serem adotadas para enfrentar a grande vulnerabilidade no mundo do trabalho revelada pela pandemia;<br \/>\nComo identificar os trabalhadores e as trabalhadoras que precisam de apoio e aten\u00e7\u00e3o espec\u00edficos;<br \/>\nComo incluir a erradica\u00e7\u00e3o da pobreza entre os objetivos fundamentais do processo de recupera\u00e7\u00e3o;<br \/>\nComo promover a colabora\u00e7\u00e3o da comunidade internacional para facilitar o cumprimento da Agenda 2030 das Na\u00e7\u00f5es Unidas.<\/p>\n<p>A primeira etapa da C\u00fapula Mundial foi realizada entre 1\u00ba e 2 de julho e contemplou v\u00e1rios eventos regionais virtuais com a \u00c1frica, as Am\u00e9ricas, os Estados \u00c1rabes, a \u00c1sia e o Pac\u00edfico e a Europa e a \u00c1sia Central.<\/p>\n<p>Representantes de governos, empregadores, trabalhadores e institui\u00e7\u00f5es acad\u00eamicas examinaram o enorme custo da pandemia de Covid-19 sobre economias, mercados de trabalho e sociedades, e as respostas adotadas pelos pa\u00edses.<\/p>\n<p>Os destaques dos eventos regionais foram abordados no \u00e2mbito do primeiro evento global em 7 de julho, que incluiu v\u00e1rias entrevistas com os diretores regionais da OIT.<\/p>\n<p>As interven\u00e7\u00f5es de v\u00e1rios chefes de Estado e de governo, e as de l\u00edderes empresariais e sindicais de todo o mundo, ocorrer\u00e3o no dia 8 de julho, Dia dos L\u00edderes Mundiais.<\/p>\n<p>No dia 9 de julho, o Dia de Constituintes da OIT, v\u00e1rios ministros e representantes de trabalhadores e de empregadores dos pa\u00edses-membros da OIT falar\u00e3o sobre as quest\u00f5es abordadas nos eventos dos dias anteriores, e a aplica\u00e7\u00e3o do disposto na Declara\u00e7\u00e3o do Centen\u00e1rio da OIT para o futuro do trabalho no contexto da pandemia.<\/p>\n","protected":false},"excerpt":{"rendered":"<p>A maior reuni\u00e3o online de trabalhadores, empregadores e governos realizada at\u00e9 o momento discutir\u00e1 como facilitar a reconstru\u00e7\u00e3o durante a recupera\u00e7\u00e3o p\u00f3s-pandemia. Mais de 50 chefes de Estado e de governo, al\u00e9m de l\u00edderes empresariais e sindicais de todo o mundo, participar\u00e3o de um debate global online sobre a Covid-19 e o mundo do trabalho que ocorrer\u00e1 de 7 a [&hellip;]<\/p>\n","protected":false},"author":89,"featured_media":0,"comment_status":"open","ping_status":"closed","sticky":false,"template":"","format":"standard","meta":{"footnotes":""},"categories":[2719],"tags":[16896,17256,17855,847,2745,390,2699,1508,1232,1961,17856,1472,6042,2068,4658,8902,17255,17293,13432,2142,6546,19,261,9667],"class_list":["post-16865","post","type-post","status-publish","format-standard","hentry","category-servidor","tag-coronavirus","tag-covid-19","tag-cupula-mundial","tag-debate","tag-empregadores","tag-empresas","tag-global","tag-governos","tag-internacionais","tag-lideres","tag-mundiais","tag-mundo","tag-nacoes-unidas","tag-oit","tag-online","tag-organismos","tag-pandemia","tag-pos-pandemia","tag-reconstrucao","tag-recuperacao","tag-regioes","tag-trabalhadores","tag-trabalho","tag-vulnerabilidade"],"_links":{"self":[{"href":"https:\/\/blogs.correiobraziliense.com.br\/servidor\/wp-json\/wp\/v2\/posts\/16865","targetHints":{"allow":["GET"]}}],"collection":[{"href":"https:\/\/blogs.correiobraziliense.com.br\/servidor\/wp-json\/wp\/v2\/posts"}],"about":[{"href":"https:\/\/blogs.correiobraziliense.com.br\/servidor\/wp-json\/wp\/v2\/types\/post"}],"author":[{"embeddable":true,"href":"https:\/\/blogs.correiobraziliense.com.br\/servidor\/wp-json\/wp\/v2\/users\/89"}],"replies":[{"embeddable":true,"href":"https:\/\/blogs.correiobraziliense.com.br\/servidor\/wp-json\/wp\/v2\/comments?post=16865"}],"version-history":[{"count":0,"href":"https:\/\/blogs.correiobraziliense.com.br\/servidor\/wp-json\/wp\/v2\/posts\/16865\/revisions"}],"wp:attachment":[{"href":"https:\/\/blogs.correiobraziliense.com.br\/servidor\/wp-json\/wp\/v2\/media?parent=16865"}],"wp:term":[{"taxonomy":"category","embeddable":true,"href":"https:\/\/blogs.correiobraziliense.com.br\/servidor\/wp-json\/wp\/v2\/categories?post=16865"},{"taxonomy":"post_tag","embeddable":true,"href":"https:\/\/blogs.correiobraziliense.com.br\/servidor\/wp-json\/wp\/v2\/tags?post=16865"}],"curies":[{"name":"wp","href":"https:\/\/api.w.org\/{rel}","templated":true}]}}