{"id":16856,"date":"2020-07-06T20:41:29","date_gmt":"2020-07-06T23:41:29","guid":{"rendered":"http:\/\/blogs.correiobraziliense.com.br\/servidor\/?p=16856"},"modified":"2020-07-06T20:41:29","modified_gmt":"2020-07-06T23:41:29","slug":"diplomatas-arrecadam-celulares-para-alunos-de-escolas-publicas-seguirem-com-aulas-em-casa","status":"publish","type":"post","link":"https:\/\/blogs.correiobraziliense.com.br\/servidor\/diplomatas-arrecadam-celulares-para-alunos-de-escolas-publicas-seguirem-com-aulas-em-casa\/","title":{"rendered":"Diplomatas arrecadam celulares para alunos de escolas p\u00fablicas seguirem com aulas em casa"},"content":{"rendered":"<p><strong>Ao buscar doa\u00e7\u00f5es de telefones para alunos carentes do ensino p\u00fablico, professora de escola do Sol Nascente contou com a proatividade de diplomatas que, juntamente com outros volunt\u00e1rios, fizeram uma \u201cvaquinha rel\u00e2mpago\u201d para adquirir tamb\u00e9m aparelhos novos e garantir a continuidade das aulas em tempos de pandemia.<\/strong><\/p>\n<p>Em coordena\u00e7\u00e3o com a professora Edilma Dias Lima, o movimento de arrecada\u00e7\u00e3o de celulares ser\u00e1 encampado pela Associa\u00e7\u00e3o dos Diplomatas Brasileiros (ADB Sindical), que pretende ampliar a doa\u00e7\u00e3o de aparelhos usados e a arrecada\u00e7\u00e3o financeira para compra de novos. At\u00e9 o momento, 14 smartphones e dois notebooks, entre novos e usados, foram doados.<\/p>\n","protected":false},"excerpt":{"rendered":"<p>Ao buscar doa\u00e7\u00f5es de telefones para alunos carentes do ensino p\u00fablico, professora de escola do Sol Nascente contou com a proatividade de diplomatas que, juntamente com outros volunt\u00e1rios, fizeram uma \u201cvaquinha rel\u00e2mpago\u201d para adquirir tamb\u00e9m aparelhos novos e garantir a continuidade das aulas em tempos de pandemia. Em coordena\u00e7\u00e3o com a professora Edilma Dias Lima, o movimento de arrecada\u00e7\u00e3o de [&hellip;]<\/p>\n","protected":false},"author":89,"featured_media":0,"comment_status":"open","ping_status":"closed","sticky":false,"template":"","format":"standard","meta":{"footnotes":""},"categories":[2719],"tags":[1442,17850,1585,3312,2501,2244,1296,4160,435,1633,17851,9385,17842,3365],"class_list":["post-16856","post","type-post","status-publish","format-standard","hentry","category-servidor","tag-alunos","tag-aparelhos","tag-aulas","tag-celulares","tag-diplomatas","tag-doacao","tag-ensino","tag-escolas","tag-novos","tag-publicas","tag-sol-nascente","tag-usados","tag-vaquinha","tag-voluntarios"],"_links":{"self":[{"href":"https:\/\/blogs.correiobraziliense.com.br\/servidor\/wp-json\/wp\/v2\/posts\/16856","targetHints":{"allow":["GET"]}}],"collection":[{"href":"https:\/\/blogs.correiobraziliense.com.br\/servidor\/wp-json\/wp\/v2\/posts"}],"about":[{"href":"https:\/\/blogs.correiobraziliense.com.br\/servidor\/wp-json\/wp\/v2\/types\/post"}],"author":[{"embeddable":true,"href":"https:\/\/blogs.correiobraziliense.com.br\/servidor\/wp-json\/wp\/v2\/users\/89"}],"replies":[{"embeddable":true,"href":"https:\/\/blogs.correiobraziliense.com.br\/servidor\/wp-json\/wp\/v2\/comments?post=16856"}],"version-history":[{"count":0,"href":"https:\/\/blogs.correiobraziliense.com.br\/servidor\/wp-json\/wp\/v2\/posts\/16856\/revisions"}],"wp:attachment":[{"href":"https:\/\/blogs.correiobraziliense.com.br\/servidor\/wp-json\/wp\/v2\/media?parent=16856"}],"wp:term":[{"taxonomy":"category","embeddable":true,"href":"https:\/\/blogs.correiobraziliense.com.br\/servidor\/wp-json\/wp\/v2\/categories?post=16856"},{"taxonomy":"post_tag","embeddable":true,"href":"https:\/\/blogs.correiobraziliense.com.br\/servidor\/wp-json\/wp\/v2\/tags?post=16856"}],"curies":[{"name":"wp","href":"https:\/\/api.w.org\/{rel}","templated":true}]}}