{"id":16852,"date":"2020-07-06T18:42:59","date_gmt":"2020-07-06T21:42:59","guid":{"rendered":"http:\/\/blogs.correiobraziliense.com.br\/servidor\/?p=16852"},"modified":"2020-07-06T18:42:59","modified_gmt":"2020-07-06T21:42:59","slug":"a-anasps-e-suas-incoerencias","status":"publish","type":"post","link":"https:\/\/blogs.correiobraziliense.com.br\/servidor\/a-anasps-e-suas-incoerencias\/","title":{"rendered":"A Anasps e suas incoer\u00eancias"},"content":{"rendered":"<p><em><strong>Em resposta \u00e0 nota da Anasps, com o t\u00edtulo &#8220;Geap sob o Comando de militares&#8221;, publicada no <a href=\"http:\/\/blogs.correiobraziliense.com.br\/servidor\/geap-sob-comando-de-militares\/\">Blog do Servido<\/a>r, a Geap, maior operadora de planos de sa\u00fade do servidores, lamenta que tenha chegado \u00e0 &#8220;triste constata\u00e7\u00e3o que a incoer\u00eancia, a mentira e a falta de esp\u00edrito solid\u00e1rio grassam no seio da Anasps&#8221; e informa:<\/strong><\/em><\/p>\n<p>&#8220;No \u00faltimo dia 8 de junho, a Associa\u00e7\u00e3o publicou em seu site um artigo intitulado \u201cAnasps nega acusa\u00e7\u00e3o e avisa que n\u00e3o vai se calar sobre a Dire\u00e7\u00e3o Fiscal da Geap\u201d.<\/p>\n<p>As incoer\u00eancias aparecem logo no t\u00edtulo do artigo, j\u00e1 que a Geap n\u00e3o pede para ningu\u00e9m \u201cse calar\u201d e nunca \u201cacusou\u201d, apenas se defendeu de palavras caluniosas e inver\u00eddicas contra seus Conselheiros do Conad, tais como \u201cpraticar todo tipo de abusos e desmandos contra o interesse dos benefici\u00e1rios\u201d.<\/p>\n<p>Mas as incoer\u00eancias continuam:<\/p>\n<ol>\n<li style=\"font-weight: 400\">a)\u00a0 a Anasps diz<strong>\u201cn\u00e3o ter assento no Conad da GEAP\u201d<\/strong>. No entanto, nas publica\u00e7\u00f5es e nos v\u00eddeos mostrados nos links, \u00a0\u00a0\u00a0\u00a0\u00a0\u00a0\u00a0\u00a0\u00a0\u00a0\u00a0\u00a0\u00a0\u00a0\u00a0\u00a0\u00a0\u00a0\u00a0\u00a0\u00a0\u00a0\u00a0<a href=\"https:\/\/www.anasps.org.br\/anasps-online\">https:\/\/www.anasps.org.br\/anasps-online<\/a>,<a href=\"https:\/\/www.anasps.org.br\/eleicao-na-geap-acontece-hoje-vote-nossa-chapa-1\/\">https:\/\/www.anasps.org.br\/eleicao-na-geap-acontece-hoje-vote-nossa-chapa-1\/<\/a>,\u00a0<a href=\"https:\/\/www.anasps.org.br\/anaspson-line-ano-xvedicao-no-1-532\/\">https:\/\/www.anasps.org.br\/anaspson-line-ano-xvedicao-no-1-532\/<\/a>,<a href=\"https:\/\/www.anasps.org.br\/anasps-concorre-nas-eleicoes-da-geap\/\">https:\/\/www.anasps.org.br\/anasps-concorre-nas-eleicoes-da-geap\/<\/a>, a Associa\u00e7\u00e3o cita,\u00a0<strong>claramente<\/strong>, que seus integrantes fazem campanhas e concorrem a uma vaga nos Conselhos. Ent\u00e3o, conforme o bel prazer de seus interesses, ora ela afirma que tem representante, ora afirma que n\u00e3o tem;<\/li>\n<li style=\"font-weight: 400\">b) a Associa\u00e7\u00e3o tamb\u00e9m alega que \u201ccabe aos Conselheiros eleitos apenas concordar, j\u00e1 que n\u00e3o t\u00eam maioria\u201d. Mais uma incoer\u00eancia, pois os votos das delibera\u00e7\u00f5es s\u00e3o\u00a0<strong>livres e individuais<\/strong>, n\u00e3o sendo obrigat\u00f3rio que os Conselheiros concordem com a maioria ou com a decis\u00e3o do presidente do Conselho. Bastaria votar contra qualquer delibera\u00e7\u00e3o posta em pauta. Por\u00e9m, os representantes da Anasps n\u00e3o o fizeram em mat\u00e9rias importantes, votando favor\u00e1vel a contrata\u00e7\u00f5es de empresas que lesaram os benefici\u00e1rios e que foram corrigidos pela atual Diretoria;<\/li>\n<li style=\"font-weight: 400\">c) quanto \u00e0 contribui\u00e7\u00e3o para sa\u00edda da dire\u00e7\u00e3o fiscal, estamos aguardando os recursos que a Anasps alega ter solicitado \u00e0 Justi\u00e7a. O que realmente retirou a Geap de seu grave desequil\u00edbrio econ\u00f4mico e financeiro foi o saneamento feito pela nova diretoria que, com\u00a0<strong>\u00e1rduo trabalho de auditoria e gest\u00e3o<\/strong>, acabou com contratos lesivos, fraudes, desvios, corrup\u00e7\u00e3o e racionalizou despesas;<\/li>\n<li style=\"font-weight: 400\">d) sobre as elei\u00e7\u00f5es para os Conselhos, as regras propostas pelo Conad universalizaram a propositura, permitindo que\u00a0<strong>qualquer benefici\u00e1rio\u00a0<\/strong>pudesse ser candidato e n\u00e3o apenas as \u201cchapas\u201d organizadas pela Anasps e seus apaniguados, que cerceiam o direito individual de participa\u00e7\u00e3o e criam uma \u201cimposi\u00e7\u00e3o\u201d de seus representantes, como pode ser visto nos links (<a href=\"https:\/\/www.anasps.org.br\/eleicao-na-geap-acontece-hoje-vote-nossa-chapa-1\/\">https:\/\/www.anasps.org.br\/eleicao-na-geap-acontece-hoje-vote-nossa-chapa-1\/<\/a>,).<\/li>\n<\/ol>\n<p style=\"font-weight: 400\">Para n\u00f3s, resta a triste constata\u00e7\u00e3o que a incoer\u00eancia, a mentira e a falta de esp\u00edrito solid\u00e1rio grassam no seio da Anasps.<\/p>\n<p style=\"font-weight: 400\"><strong>Diretoria Executiva da Geap&#8221;<\/strong><\/p>\n","protected":false},"excerpt":{"rendered":"<p>Em resposta \u00e0 nota da Anasps, com o t\u00edtulo &#8220;Geap sob o Comando de militares&#8221;, publicada no Blog do Servidor, a Geap, maior operadora de planos de sa\u00fade do servidores, lamenta que tenha chegado \u00e0 &#8220;triste constata\u00e7\u00e3o que a incoer\u00eancia, a mentira e a falta de esp\u00edrito solid\u00e1rio grassam no seio da Anasps&#8221; e informa: &#8220;No \u00faltimo dia 8 de [&hellip;]<\/p>\n","protected":false},"author":89,"featured_media":0,"comment_status":"open","ping_status":"closed","sticky":false,"template":"","format":"standard","meta":{"footnotes":""},"categories":[2719],"tags":[337,980,17847,305,2095,199,5945,15152,76,8276,1591,51,2317,58],"class_list":["post-16852","post","type-post","status-publish","format-standard","hentry","category-servidor","tag-anasps","tag-beneficiarios","tag-calar","tag-campanha","tag-conad","tag-contratacoes","tag-deliberacao","tag-direcao-fiscal","tag-geap","tag-incoerencia","tag-mentira","tag-militares","tag-plano-de-saude","tag-servidores"],"_links":{"self":[{"href":"https:\/\/blogs.correiobraziliense.com.br\/servidor\/wp-json\/wp\/v2\/posts\/16852","targetHints":{"allow":["GET"]}}],"collection":[{"href":"https:\/\/blogs.correiobraziliense.com.br\/servidor\/wp-json\/wp\/v2\/posts"}],"about":[{"href":"https:\/\/blogs.correiobraziliense.com.br\/servidor\/wp-json\/wp\/v2\/types\/post"}],"author":[{"embeddable":true,"href":"https:\/\/blogs.correiobraziliense.com.br\/servidor\/wp-json\/wp\/v2\/users\/89"}],"replies":[{"embeddable":true,"href":"https:\/\/blogs.correiobraziliense.com.br\/servidor\/wp-json\/wp\/v2\/comments?post=16852"}],"version-history":[{"count":0,"href":"https:\/\/blogs.correiobraziliense.com.br\/servidor\/wp-json\/wp\/v2\/posts\/16852\/revisions"}],"wp:attachment":[{"href":"https:\/\/blogs.correiobraziliense.com.br\/servidor\/wp-json\/wp\/v2\/media?parent=16852"}],"wp:term":[{"taxonomy":"category","embeddable":true,"href":"https:\/\/blogs.correiobraziliense.com.br\/servidor\/wp-json\/wp\/v2\/categories?post=16852"},{"taxonomy":"post_tag","embeddable":true,"href":"https:\/\/blogs.correiobraziliense.com.br\/servidor\/wp-json\/wp\/v2\/tags?post=16852"}],"curies":[{"name":"wp","href":"https:\/\/api.w.org\/{rel}","templated":true}]}}