{"id":16824,"date":"2020-07-03T14:26:35","date_gmt":"2020-07-03T17:26:35","guid":{"rendered":"http:\/\/blogs.correiobraziliense.com.br\/servidor\/?p=16824"},"modified":"2020-07-03T14:26:35","modified_gmt":"2020-07-03T17:26:35","slug":"ex-presidentes-da-fundacao-palmares-debatem-contexto-e-desafios-atuais","status":"publish","type":"post","link":"https:\/\/blogs.correiobraziliense.com.br\/servidor\/ex-presidentes-da-fundacao-palmares-debatem-contexto-e-desafios-atuais\/","title":{"rendered":"Ex-presidentes da Funda\u00e7\u00e3o Palmares debatem contexto e desafios atuais"},"content":{"rendered":"<p><em><strong>Contexto e desafios da cultura afro-brasileira ser\u00e1 o tema do webin\u00e1rio do Coletivo Igualdade 23, do Cidadania, com a Funda\u00e7\u00e3o Astrojildo Pereira (FAP), hoje (3), das 20 horas \u00e0s 21 horas. Os\u00a0protestos pela morte de George Floyd, nos EUA, se expandiu pelo mundo. No Brasil,\u00a0questionam a viol\u00eancia policial, a desigualdade racial\u00a0 e tamb\u00e9m a gest\u00e3o da Funda\u00e7\u00e3o Cultural Palmares, comandada por S\u00e9rgio Camargo, que se declara contra a pauta do Movimento Social Negro e quer fazer uma revis\u00e3o hist\u00f3rica contra a imagem de Zumbi dos Palmares, \u00edcone na luta contra a opress\u00e3o<\/strong><\/em><\/p>\n<p><img loading=\"lazy\" decoding=\"async\" class=\"alignright size-full wp-image-16825\" src=\"https:\/\/blogs.correiobraziliense.com.br\/servidor\/wp-content\/uploads\/sites\/10\/2020\/07\/contexto-palmares.jpg\" alt=\"\" width=\"960\" height=\"480\" srcset=\"https:\/\/blogs.correiobraziliense.com.br\/servidor\/wp-content\/uploads\/sites\/10\/2020\/07\/contexto-palmares.jpg 960w, https:\/\/blogs.correiobraziliense.com.br\/servidor\/wp-content\/uploads\/sites\/10\/2020\/07\/contexto-palmares-300x150.jpg 300w, https:\/\/blogs.correiobraziliense.com.br\/servidor\/wp-content\/uploads\/sites\/10\/2020\/07\/contexto-palmares-768x384.jpg 768w, https:\/\/blogs.correiobraziliense.com.br\/servidor\/wp-content\/uploads\/sites\/10\/2020\/07\/contexto-palmares-550x275.jpg 550w, https:\/\/blogs.correiobraziliense.com.br\/servidor\/wp-content\/uploads\/sites\/10\/2020\/07\/contexto-palmares-230x115.jpg 230w\" sizes=\"auto, (max-width: 960px) 100vw, 960px\" \/><\/p>\n<p>Debatem o tema, como convidados, ex-presidentes da Funda\u00e7\u00e3o Cultural Palmares. Confirmaram presen\u00e7a Carlos Moura, Dulce Pereira, Vanderlei Louren\u00e7o e Zulu Ara\u00fajo, que estiveram \u00e0 frente da funda\u00e7\u00e3o em diferentes governos.\u00a0Hoje evento online <a href=\"https:\/\/facebook.com\/events\/s\/webinar-contexto-e-desafios-da\/2676844019254908\/?ti=wa\">https:\/\/facebook.com\/events\/s\/webinar-contexto-e-desafios-da\/2676844019254908\/?ti=wa<\/a><\/p>\n<p>Al\u00e9m dos que participar\u00e3o do webinar, a Palmares tamb\u00e9m foi presidida por El\u00f3i Ferreira, Cida Abreu e Hilton Cobra, al\u00e9m de tr\u00eas outros gestores que j\u00e1 est\u00e3o falecidos: Ad\u00e3o Ventura, Joel Rufino e Ubiratan Castro Ara\u00fajo.<\/p>\n<p>A cultura afro-brasileira como express\u00e3o de um segmento populacional que re\u00fane mais de 50% da popula\u00e7\u00e3o do pa\u00eds, de acordo com indicadores do Instituto Brasileiro de Geografia e Estat\u00edstica (IBGE) e do Instituto de Pesquisa Econ\u00f4mica Aplicada (IPEA), naturalmente \u00e9 vasta e complexa.<\/p>\n<p>&#8220;Correlatos aos enunciados culturais, h\u00e1 tamb\u00e9m o conte\u00fado referente ao combate ao racismo e promo\u00e7\u00e3o da igualdade racial que, embora sejam do campo das pol\u00edticas p\u00fablicas, tamb\u00e9m dialogam em alguma medida com as express\u00f5es art\u00edsticas pertinentes \u00e0 popula\u00e7\u00e3o afrodescendente no Brasil&#8221;, informa a FAP.<\/p>\n<p><strong>Contexto<\/strong><\/p>\n<p>O semin\u00e1rio acontece em um momento bastante simb\u00f3lico, na an\u00e1lise da FAP. A partir da morte do cidad\u00e3o norte-americano Goerge Perri Floyd Jr, em 25 de maio deste ano, em Minneapolis, nos Estados Unidos da Am\u00e9rica, ondas de protesto de cunho racial passaram a ocorrer naquele pa\u00eds e em outras na\u00e7\u00f5es.<\/p>\n<p>Esse fen\u00f4meno de manifesta\u00e7\u00f5es tem recebido o conceito de \u201cPrimavera Negra\u201d, em alus\u00e3o \u00e0 Primavera \u00c1rabe, um onda revolucion\u00e1ria por liberdade e cidadania que repercutiu na Arg\u00e9lia, Bahrein, Djibuti, Iraque, Jord\u00e2nia, Om\u00e3, Marrocos, Kwait, L\u00edbano, Maurit\u00e2nia, Ar\u00e1bia Saudita, Sud\u00e3o e I\u00eamen \u2013 todos pa\u00edses do Oriente M\u00e9dio \u2013 entre 2010 e 2012.<\/p>\n<p>A \u201cPrimavera Negra\u201d iniciou-se nos EUA e avan\u00e7ou para na\u00e7\u00f5es da Europa. O Brasil tamb\u00e9m tem tido manifesta\u00e7\u00f5es dessa natureza.<\/p>\n<p>No caso brasileiro, os protestos questionam a viol\u00eancia policial, a desigualdade racial e em alguma medida tamb\u00e9m fazem refer\u00eancia a atual gest\u00e3o da Funda\u00e7\u00e3o Cultural Palmares, sob o comando do presidente S\u00e9rgio Camargo. O gestor tem se declarado contra a pauta do Movimento Social Negro e se proposto a fazer uma revis\u00e3o hist\u00f3rica com propostas de combater a imagem de Zumbi dos Palmares, considerado \u00edcone na luta contra a opress\u00e3o durante o S\u00e9culo 17 em Alagoas, na Serra da Barriga.<\/p>\n","protected":false},"excerpt":{"rendered":"<p>Contexto e desafios da cultura afro-brasileira ser\u00e1 o tema do webin\u00e1rio do Coletivo Igualdade 23, do Cidadania, com a Funda\u00e7\u00e3o Astrojildo Pereira (FAP), hoje (3), das 20 horas \u00e0s 21 horas. Os\u00a0protestos pela morte de George Floyd, nos EUA, se expandiu pelo mundo. No Brasil,\u00a0questionam a viol\u00eancia policial, a desigualdade racial\u00a0 e tamb\u00e9m a gest\u00e3o da Funda\u00e7\u00e3o Cultural Palmares, comandada [&hellip;]<\/p>\n","protected":false},"author":89,"featured_media":0,"comment_status":"open","ping_status":"closed","sticky":false,"template":"","format":"standard","meta":{"footnotes":""},"categories":[2719],"tags":[17833,5290,1928,1845,6115,17834,17148,315,9140,3144,719,17835,11463,4164,555,182,2135,17147,4427,17156],"class_list":["post-16824","post","type-post","status-publish","format-standard","hentry","category-servidor","tag-afro-brasileira","tag-contexto","tag-cultura","tag-desafios","tag-desigualdade","tag-ex-presidentes","tag-fundacao-palmares","tag-gestao","tag-historica","tag-imagem","tag-luta","tag-movimento-social-negro","tag-opressao","tag-policial","tag-protestos","tag-racial","tag-revisao","tag-sergio-camargo","tag-violencia","tag-zumbi-dos-palmares"],"_links":{"self":[{"href":"https:\/\/blogs.correiobraziliense.com.br\/servidor\/wp-json\/wp\/v2\/posts\/16824","targetHints":{"allow":["GET"]}}],"collection":[{"href":"https:\/\/blogs.correiobraziliense.com.br\/servidor\/wp-json\/wp\/v2\/posts"}],"about":[{"href":"https:\/\/blogs.correiobraziliense.com.br\/servidor\/wp-json\/wp\/v2\/types\/post"}],"author":[{"embeddable":true,"href":"https:\/\/blogs.correiobraziliense.com.br\/servidor\/wp-json\/wp\/v2\/users\/89"}],"replies":[{"embeddable":true,"href":"https:\/\/blogs.correiobraziliense.com.br\/servidor\/wp-json\/wp\/v2\/comments?post=16824"}],"version-history":[{"count":0,"href":"https:\/\/blogs.correiobraziliense.com.br\/servidor\/wp-json\/wp\/v2\/posts\/16824\/revisions"}],"wp:attachment":[{"href":"https:\/\/blogs.correiobraziliense.com.br\/servidor\/wp-json\/wp\/v2\/media?parent=16824"}],"wp:term":[{"taxonomy":"category","embeddable":true,"href":"https:\/\/blogs.correiobraziliense.com.br\/servidor\/wp-json\/wp\/v2\/categories?post=16824"},{"taxonomy":"post_tag","embeddable":true,"href":"https:\/\/blogs.correiobraziliense.com.br\/servidor\/wp-json\/wp\/v2\/tags?post=16824"}],"curies":[{"name":"wp","href":"https:\/\/api.w.org\/{rel}","templated":true}]}}