{"id":16820,"date":"2020-07-02T22:33:28","date_gmt":"2020-07-03T01:33:28","guid":{"rendered":"http:\/\/blogs.correiobraziliense.com.br\/servidor\/?p=16820"},"modified":"2020-07-02T22:33:28","modified_gmt":"2020-07-03T01:33:28","slug":"servidores-do-inss-ameacam-com-greve-sanitaria-para-evitar-retorno-ao-trabalho-presencial","status":"publish","type":"post","link":"https:\/\/blogs.correiobraziliense.com.br\/servidor\/servidores-do-inss-ameacam-com-greve-sanitaria-para-evitar-retorno-ao-trabalho-presencial\/","title":{"rendered":"Servidores do INSS amea\u00e7am com &#8220;greve sanit\u00e1ria&#8221; para evitar retorno ao trabalho presencial"},"content":{"rendered":"<p><em><strong>O governo insiste em manter a data de abertura das ag\u00eancias do Instituto Nacional do Seguro Social (INSS) para dia 13 de julho. Mas os servidores apontam irregularidades \u2013 inclusive profissionais contaminados trabalhando \u2013 e acenam com uma poss\u00edvel \u201cgreve sanit\u00e1ria\u201d. Ontem, eles se reuniram com o presidente da autarquia, Leonardo Rolim, mas n\u00e3o houve mudan\u00e7a na inten\u00e7\u00e3o de retomada do trabalho presencial a partir do dia 6 de julho, para organizar as ag\u00eancias, e reabertura ao p\u00fablico, na segunda seguinte (13<\/strong><\/em>)<\/p>\n<p>\u201cA Federa\u00e7\u00e3o Nacional dos Trabalhadores em Sa\u00fade, Trabalho, Previd\u00eancia e Assist\u00eancia Social (Fenasps) fez todos os alertas e fez den\u00fancias ao Minist\u00e9rio P\u00fablico do Trabalho (MPT), Minist\u00e9rio P\u00fablico Federal (MPF) e Tribunal de Contas da Uni\u00e3o (TCU). Orientamos os trabalhadores a n\u00e3o se apresentarem nas unidades e estamos organizando uma \u2018greve sanit\u00e1ria\u2019, por sobreviv\u00eancia. \u00c9 uma a\u00e7\u00e3o genocida o INSS reabrir as portas, sabendo do caos que isso vai gerar\u201d, informou Moacir Lopes, presidente da Fenasps. Segundo ele, suspeita-se que a dire\u00e7\u00e3o do \u00f3rg\u00e3o pretende indicar at\u00e9 vigilantes para fazer a triagem nas ag\u00eancias.<\/p>\n<p>A Fenasps fez um alerta \u00e0 Confedera\u00e7\u00e3o dos Vigilantes. \u201cEssa n\u00e3o \u00e9 a fun\u00e7\u00e3o deles. Vamos responsabilizar todos os gestores se ocorrer trag\u00e9dias e mortes de servidores\u201d, enfatizou Lopes. Em 29 de junho, a federa\u00e7\u00e3o fez uma lista de 12 motivos para adiar o retorno. Entre elas, citou a \u201cinterdi\u00e7\u00e3o de andares e a sanitiza\u00e7\u00e3o do edif\u00edcio-sede do \u00f3rg\u00e3o, porque dezenas de servidores est\u00e3o contaminados ou com sintomas\u201d. Para o especialista Bruno Conti, do escrit\u00f3rio Wagner Advogados Associados, \u00e9 preciso ter cautela com e muita organiza\u00e7\u00e3o na chamada \u201cgreve sanit\u00e1ria\u201d.<\/p>\n<p><strong>Alerta<\/strong><\/p>\n<p>\u201cA princ\u00edpio, a administra\u00e7\u00e3o pode vir a exigir a compensa\u00e7\u00e3o das horas paradas. Mas, dependendo do per\u00edodo da paralisa\u00e7\u00e3o, o servidor corre o risco de ver seu gestor abrir um processo administrativo disciplinar (PAD)\u201d, destacou Conti. A Confedera\u00e7\u00e3o Nacional dos Trabalhadores em Seguridade Social (CNTSS) tamb\u00e9m \u00e9 contra o retorno imediato. Ressalta que ag\u00eancias n\u00e3o t\u00eam condi\u00e7\u00f5es necess\u00e1rias de infraestrutura e de seguran\u00e7a sanit\u00e1ria que garantem a sa\u00fade dos profissionais e dos benefici\u00e1rios nesse per\u00edodo de forte expans\u00e3o da pandemia da Covid-19. Os ambientes s\u00e3o fechados e mal ventilados ou com sistema de ar condicionado central. N\u00e3o h\u00e1 equipamentos de prote\u00e7\u00e3o individual (EPIs) em quantidades adequadas e nem produtos de higiene e limpeza para ser usados durante o atendimento.<\/p>\n<p>Sandro Alex de Oliveira Cezar, presidente da CNTSS, informou que outro fator de grande preocupa\u00e7\u00e3o tem sido o cuidado com o grupo de risco. \u201cPreservar as vidas dos servidores e usu\u00e1rios do sistema tem que ser ponto central dos poderes p\u00fablicos, em especial da dire\u00e7\u00e3o do INSS. N\u00e3o h\u00e1, neste momento, a m\u00ednima condi\u00e7\u00e3o do retorno aos locais de trabalho\u201d, destacou Cezar. No m\u00eas passado, a CNTSS entregou a Rolim o estudo \u201cProtocolo de Seguran\u00e7a \u2013 Procedimentos de Preven\u00e7\u00e3o e de Controle da Covid -19 no Trabalho\u201d.<\/p>\n<p>Por meio de nota, o INSS garantiu que tomou as medidas para que o retorno gradual do atendimento ocorra de forma extremamente segura. Informou que existe um plano de a\u00e7\u00e3o da Diretoria de Atendimento, j\u00e1 em execu\u00e7\u00e3o, para que todo o protocolo de seguran\u00e7a seja adotado. \u201cAl\u00e9m disso, o INSS ter\u00e1 um portal com as informa\u00e7\u00f5es em tempo real sobre o retorno, que em breve ser\u00e1 disponibilizado ao p\u00fablico. Nesse portal, constar\u00e1 quais ag\u00eancias est\u00e3o abertas, quantos agendamentos foram disponibilizados, al\u00e9m de outras informa\u00e7\u00f5es de interesse do cidad\u00e3o\u201d, destacou o \u00f3rg\u00e3o.<\/p>\n","protected":false},"excerpt":{"rendered":"<p>O governo insiste em manter a data de abertura das ag\u00eancias do Instituto Nacional do Seguro Social (INSS) para dia 13 de julho. Mas os servidores apontam irregularidades \u2013 inclusive profissionais contaminados trabalhando \u2013 e acenam com uma poss\u00edvel \u201cgreve sanit\u00e1ria\u201d. Ontem, eles se reuniram com o presidente da autarquia, Leonardo Rolim, mas n\u00e3o houve mudan\u00e7a na inten\u00e7\u00e3o de retomada [&hellip;]<\/p>\n","protected":false},"author":89,"featured_media":0,"comment_status":"open","ping_status":"closed","sticky":false,"template":"","format":"standard","meta":{"footnotes":""},"categories":[2719],"tags":[879,551,4088,17335,16896,17256,17486,11,5039,453,3474,1788,1075,7472,16,58,6846,635,261,17830,1812],"class_list":["post-16820","post","type-post","status-publish","format-standard","hentry","category-servidor","tag-agencias","tag-atendimento","tag-caos","tag-contaminados","tag-coronavirus","tag-covid-19","tag-greve-sanitaria","tag-inss","tag-mortes","tag-mpf","tag-mpt","tag-presencial","tag-profissionais","tag-remoto","tag-retorno","tag-servidores","tag-sobrevivencia","tag-tcu","tag-trabalho","tag-triagem","tag-vigilantes"],"_links":{"self":[{"href":"https:\/\/blogs.correiobraziliense.com.br\/servidor\/wp-json\/wp\/v2\/posts\/16820","targetHints":{"allow":["GET"]}}],"collection":[{"href":"https:\/\/blogs.correiobraziliense.com.br\/servidor\/wp-json\/wp\/v2\/posts"}],"about":[{"href":"https:\/\/blogs.correiobraziliense.com.br\/servidor\/wp-json\/wp\/v2\/types\/post"}],"author":[{"embeddable":true,"href":"https:\/\/blogs.correiobraziliense.com.br\/servidor\/wp-json\/wp\/v2\/users\/89"}],"replies":[{"embeddable":true,"href":"https:\/\/blogs.correiobraziliense.com.br\/servidor\/wp-json\/wp\/v2\/comments?post=16820"}],"version-history":[{"count":0,"href":"https:\/\/blogs.correiobraziliense.com.br\/servidor\/wp-json\/wp\/v2\/posts\/16820\/revisions"}],"wp:attachment":[{"href":"https:\/\/blogs.correiobraziliense.com.br\/servidor\/wp-json\/wp\/v2\/media?parent=16820"}],"wp:term":[{"taxonomy":"category","embeddable":true,"href":"https:\/\/blogs.correiobraziliense.com.br\/servidor\/wp-json\/wp\/v2\/categories?post=16820"},{"taxonomy":"post_tag","embeddable":true,"href":"https:\/\/blogs.correiobraziliense.com.br\/servidor\/wp-json\/wp\/v2\/tags?post=16820"}],"curies":[{"name":"wp","href":"https:\/\/api.w.org\/{rel}","templated":true}]}}