{"id":16806,"date":"2020-07-02T14:43:07","date_gmt":"2020-07-02T17:43:07","guid":{"rendered":"http:\/\/blogs.correiobraziliense.com.br\/servidor\/?p=16806"},"modified":"2020-07-02T14:43:07","modified_gmt":"2020-07-02T17:43:07","slug":"pl-que-altera-lei-geral-dos-concursos-prejudica-candidatos-da-pcdf-criticam-especialistas","status":"publish","type":"post","link":"https:\/\/blogs.correiobraziliense.com.br\/servidor\/pl-que-altera-lei-geral-dos-concursos-prejudica-candidatos-da-pcdf-criticam-especialistas\/","title":{"rendered":"PL que altera Lei Geral dos Concursos prejudica candidatos da PCDF, criticam especialistas"},"content":{"rendered":"<p><em><strong>O PL que preocupa especialistas e candidatos &#8211; reduz em 60 dias o prazo entre a publica\u00e7\u00e3o do edital e as provas &#8211; ser\u00e1 votado pela C\u00e2mara Legislativa nas pr\u00f3ximas semanas e, se aprovado, ir\u00e1 para san\u00e7\u00e3o do governador<\/strong><\/em><\/p>\n<p>O Governo do Distrito Federal (GDF) enviou \u00e0 C\u00e2mara Legislativa um projeto de lei (PL) que altera a Lei Geral dos Concursos. A proposta reduz os prazos entre a publica\u00e7\u00e3o do edital e as provas da Pol\u00edcia Civil do DF (PCDF) de 90 dias, como acontece hoje, para 30 dias<\/p>\n<p>A iniciativa do GDF \u00e9 condenada por especialistas em concursos p\u00fablicos. Segundo eles, a medida prejudica os candidatos e pode ter efeitos negativos no certame. Nesta quarta-feira (1), um novo edital para concurso da PCDF foi publicado no Di\u00e1rio Oficial do DF, seguindo as regras atuais e mantendo os 90 dias at\u00e9 a prova. Mas, ainda assim, o PL preocupa para os efeitos nos certames futuros.<\/p>\n<p>Segundo Gabriel Granjeiro, diretor-presidente do Gran Cursos Online, a medida afeta os candidatos, a pr\u00f3pria corpora\u00e7\u00e3o e fere a isonomia do processo de prepara\u00e7\u00e3o para o concurso p\u00fablico, o que pode dificultar a prepara\u00e7\u00e3o daqueles que estudam, al\u00e9m do planejamento para quem vai fazer as provas, em especial os candidatos que v\u00eam de outros estados.<\/p>\n<p>\u201cA prepara\u00e7\u00e3o para o concurso precisa ser um processo democr\u00e1tico, e um prazo curto como esse dificulta n\u00e3o s\u00f3 o preparo, como tamb\u00e9m o planejamento e a organiza\u00e7\u00e3o dos candidatos, al\u00e9m de ser uma medida incab\u00edvel para o concurseiros. O ideal seria o contr\u00e1rio, ampliar o prazo para esses processos. E tal medida vai na contram\u00e3o dos direitos j\u00e1 conquistados pelos concurseiros nos \u00faltimos anos\u201d, pondera Gabriel.<\/p>\n<p>Segundo ele, o pr\u00f3prio edital publicado nesta quarta-feira cobra disciplinas bem diferentes das habituais, como Contabilidade, Bancos de Dados e softwares de Business Intelligence.&#8221; Assuntos densos como esses podem ser decisivos e requerem um tempo de preparo maior\u201d, alerta.<\/p>\n<p>Rodrigo Calado, vice-presidente do Gran Cursos Online, questiona a agilidade com que o governo pretende aumentar o efetivo da corpora\u00e7\u00e3o sem a devida qualidade no preparo dos profissionais e indo na contram\u00e3o dos concursos federais, que desde o Decreto n\u00ba 9.739, de 28 de mar\u00e7o de 2019, contam com um intervalo de 120 dias entre a publica\u00e7\u00e3o do edital e as provas.<\/p>\n<p>\u201cO governo tem o intuito de dar posse o mais r\u00e1pido poss\u00edvel nos certames da PCDF, e isso n\u00e3o \u00e9 ben\u00e9fico para o candidato. Primeiro porque o concurso j\u00e1 est\u00e1 atrasado h\u00e1 pelo menos 2 anos, e 30 dias n\u00e3o ir\u00e1 mudar a situa\u00e7\u00e3o. O \u00faltimo edital veio com temas que exigem um prazo de estudo maior por parte do candidato, o que torna incoerente o pedido de redu\u00e7\u00e3o, podendo colocar em risco a qualidade dos futuros servidores da seguran\u00e7a p\u00fablica\u201d, argumenta Calado.<\/p>\n","protected":false},"excerpt":{"rendered":"<p>O PL que preocupa especialistas e candidatos &#8211; reduz em 60 dias o prazo entre a publica\u00e7\u00e3o do edital e as provas &#8211; ser\u00e1 votado pela C\u00e2mara Legislativa nas pr\u00f3ximas semanas e, se aprovado, ir\u00e1 para san\u00e7\u00e3o do governador O Governo do Distrito Federal (GDF) enviou \u00e0 C\u00e2mara Legislativa um projeto de lei (PL) que altera a Lei Geral dos [&hellip;]<\/p>\n","protected":false},"author":89,"featured_media":0,"comment_status":"open","ping_status":"closed","sticky":false,"template":"","format":"standard","meta":{"footnotes":""},"categories":[2719],"tags":[2263,6895,178,6189,6672,9683,92,382,2692,3285,12175,17821,1717,1031,1174,6251,2430],"class_list":["post-16806","post","type-post","status-publish","format-standard","hentry","category-servidor","tag-altera","tag-camara-legislativa","tag-candidatos","tag-certame","tag-concurseiros","tag-corporacao","tag-edital","tag-especialistas","tag-gdf","tag-governador","tag-lei-do-planejamento-familiar","tag-lei-geral-dos-concursos","tag-pcdf","tag-pl","tag-prazo","tag-preparacao","tag-sancao"],"_links":{"self":[{"href":"https:\/\/blogs.correiobraziliense.com.br\/servidor\/wp-json\/wp\/v2\/posts\/16806","targetHints":{"allow":["GET"]}}],"collection":[{"href":"https:\/\/blogs.correiobraziliense.com.br\/servidor\/wp-json\/wp\/v2\/posts"}],"about":[{"href":"https:\/\/blogs.correiobraziliense.com.br\/servidor\/wp-json\/wp\/v2\/types\/post"}],"author":[{"embeddable":true,"href":"https:\/\/blogs.correiobraziliense.com.br\/servidor\/wp-json\/wp\/v2\/users\/89"}],"replies":[{"embeddable":true,"href":"https:\/\/blogs.correiobraziliense.com.br\/servidor\/wp-json\/wp\/v2\/comments?post=16806"}],"version-history":[{"count":0,"href":"https:\/\/blogs.correiobraziliense.com.br\/servidor\/wp-json\/wp\/v2\/posts\/16806\/revisions"}],"wp:attachment":[{"href":"https:\/\/blogs.correiobraziliense.com.br\/servidor\/wp-json\/wp\/v2\/media?parent=16806"}],"wp:term":[{"taxonomy":"category","embeddable":true,"href":"https:\/\/blogs.correiobraziliense.com.br\/servidor\/wp-json\/wp\/v2\/categories?post=16806"},{"taxonomy":"post_tag","embeddable":true,"href":"https:\/\/blogs.correiobraziliense.com.br\/servidor\/wp-json\/wp\/v2\/tags?post=16806"}],"curies":[{"name":"wp","href":"https:\/\/api.w.org\/{rel}","templated":true}]}}