{"id":16793,"date":"2020-07-01T16:13:22","date_gmt":"2020-07-01T19:13:22","guid":{"rendered":"http:\/\/blogs.correiobraziliense.com.br\/servidor\/?p=16793"},"modified":"2020-07-01T16:13:22","modified_gmt":"2020-07-01T19:13:22","slug":"mpf-pede-que-justica-suspenda-nomeacao-de-presidente-da-funarte","status":"publish","type":"post","link":"https:\/\/blogs.correiobraziliense.com.br\/servidor\/mpf-pede-que-justica-suspenda-nomeacao-de-presidente-da-funarte\/","title":{"rendered":"MPF pede que Justi\u00e7a suspenda nomea\u00e7\u00e3o de presidente da Funarte"},"content":{"rendered":"<p><em><strong>Mais um indicado pelo governo \u00e9 acusado de falta de qualifica\u00e7\u00e3o. Nomeado em maio, Luciano da Silva Barbosa Querido n\u00e3o tem forma\u00e7\u00e3o ou experi\u00eancia profissional compat\u00edvel com o cargo.\u00a0O Minist\u00e9rio P\u00fablico Federal (MPF) prop\u00f4s a\u00e7\u00e3o civil p\u00fablica contra a Uni\u00e3o, a Funda\u00e7\u00e3o Nacional de Artes (Funarte) e Luciano da Silva Barbosa Querido para suspender a nomea\u00e7\u00e3o dele como presidente da autarquia<\/strong><\/em><\/p>\n<p>O Minist\u00e9rio P\u00fablico Federal (MPF) lembra que Luciano foi nomeado em maio para o cargo mas, de acordo com o \u00f3rg\u00e3o, n\u00e3o tem a forma\u00e7\u00e3o espec\u00edfica ou a experi\u00eancia profissional necess\u00e1ria para\u00a0 a fun\u00e7\u00e3o. Luciano \u00e9 bacharel em direito e trabalhou na C\u00e2mara Municipal do Rio de Janeiro de 2002 a 2017 como gestor respons\u00e1vel pela editora\u00e7\u00e3o e confec\u00e7\u00e3o de boletins informativos sobre atividades legislativas.<\/p>\n<p>&#8220;No entanto, o cargo para o qual ele foi nomeado, DAS de n\u00edvel 6, exige experi\u00eancia profissional de, no m\u00ednimo, cinco anos em atividades correlatas \u00e0s \u00e1reas de atua\u00e7\u00e3o do \u00f3rg\u00e3o; ter ocupado cargo comissionado, equivalente a DAS de n\u00edvel 3 ou superior em qualquer Poder por, no m\u00ednimo, tr\u00eas anos; ou, possuir t\u00edtulos de mestre ou doutor em \u00e1rea correlata \u00e0s \u00e1reas de atua\u00e7\u00e3o do \u00f3rg\u00e3o ou em \u00e1reas relacionadas \u00e0s fun\u00e7\u00f5es do cargo&#8221;, ressalta o MPF.<\/p>\n<p>O MPF argumenta que a nomea\u00e7\u00e3o de Luciano oferece grave risco ao pr\u00f3prio funcionamento da Funarte, com a possibilidade de que diretrizes t\u00e9cnicas sejam distorcidas, de lentid\u00e3o ou at\u00e9 mesmo de interrup\u00e7\u00e3o nos servi\u00e7os desempenhados pela Funda\u00e7\u00e3o, causando reais preju\u00edzos na gest\u00e3o e fomento \u00e0 atividade produtiva art\u00edstica brasileira se for mantido no cargo.<\/p>\n<p>\u201cQualquer que seja o resultado, o progn\u00f3stico \u00e9 grave. Estamos diante da probabilidade de desempenho de atividade negligente, imperita ou a interrup\u00e7\u00e3o total do exerc\u00edcio de relevantes fun\u00e7\u00f5es p\u00fablicas\u201d, alerta o procurador da Rep\u00fablica Antonio do Passo Cabral, que assina a a\u00e7\u00e3o.<\/p>\n<p>A nomea\u00e7\u00e3o ainda estaria descumprindo os princ\u00edpios constitucionais da legalidade, da efici\u00eancia e da impessoalidade. Teria havido tamb\u00e9m desvio de finalidade de persecu\u00e7\u00e3o do interesse p\u00fablico, pois o Minist\u00e9rio do Turismo atribuiu fun\u00e7\u00f5es p\u00fablicas a uma pessoa cuja experi\u00eancia profissional \u00e9 incompat\u00edvel com as atividades a serem exercidas.<\/p>\n<p>Em requerimento liminar, o MPF pede a suspens\u00e3o da portaria que nomeou Luciano da Silva Barbosa Querido para a presid\u00eancia da Funarte. No m\u00e9rito, pede que a nomea\u00e7\u00e3o seja declarada nula e o termo de posse seja cancelado.<\/p>\n<p>Veja a \u00edntegra da a\u00e7\u00e3o.<\/p>\n<p>ACP n. 5039327-91.2020.4.02.5101<\/p>\n","protected":false},"excerpt":{"rendered":"<p>Mais um indicado pelo governo \u00e9 acusado de falta de qualifica\u00e7\u00e3o. Nomeado em maio, Luciano da Silva Barbosa Querido n\u00e3o tem forma\u00e7\u00e3o ou experi\u00eancia profissional compat\u00edvel com o cargo.\u00a0O Minist\u00e9rio P\u00fablico Federal (MPF) prop\u00f4s a\u00e7\u00e3o civil p\u00fablica contra a Uni\u00e3o, a Funda\u00e7\u00e3o Nacional de Artes (Funarte) e Luciano da Silva Barbosa Querido para suspender a nomea\u00e7\u00e3o dele como presidente da [&hellip;]<\/p>\n","protected":false},"author":89,"featured_media":0,"comment_status":"open","ping_status":"closed","sticky":false,"template":"","format":"standard","meta":{"footnotes":""},"categories":[2719],"tags":[5662,17812,300,13424,2396,3944,17813,4443,17814,1065,260,17815,7529,453,307,81,3793],"class_list":["post-16793","post","type-post","status-publish","format-standard","hentry","category-servidor","tag-autarquia","tag-camara-municipal-rj","tag-cargo","tag-comissionado","tag-das","tag-doutor","tag-experiencia-profissional","tag-formacao","tag-funarte","tag-funcoes","tag-justica","tag-luciano-da-silva-barbosa-querido","tag-mestre","tag-mpf","tag-nomeacao","tag-presidente","tag-qualificacao"],"_links":{"self":[{"href":"https:\/\/blogs.correiobraziliense.com.br\/servidor\/wp-json\/wp\/v2\/posts\/16793","targetHints":{"allow":["GET"]}}],"collection":[{"href":"https:\/\/blogs.correiobraziliense.com.br\/servidor\/wp-json\/wp\/v2\/posts"}],"about":[{"href":"https:\/\/blogs.correiobraziliense.com.br\/servidor\/wp-json\/wp\/v2\/types\/post"}],"author":[{"embeddable":true,"href":"https:\/\/blogs.correiobraziliense.com.br\/servidor\/wp-json\/wp\/v2\/users\/89"}],"replies":[{"embeddable":true,"href":"https:\/\/blogs.correiobraziliense.com.br\/servidor\/wp-json\/wp\/v2\/comments?post=16793"}],"version-history":[{"count":0,"href":"https:\/\/blogs.correiobraziliense.com.br\/servidor\/wp-json\/wp\/v2\/posts\/16793\/revisions"}],"wp:attachment":[{"href":"https:\/\/blogs.correiobraziliense.com.br\/servidor\/wp-json\/wp\/v2\/media?parent=16793"}],"wp:term":[{"taxonomy":"category","embeddable":true,"href":"https:\/\/blogs.correiobraziliense.com.br\/servidor\/wp-json\/wp\/v2\/categories?post=16793"},{"taxonomy":"post_tag","embeddable":true,"href":"https:\/\/blogs.correiobraziliense.com.br\/servidor\/wp-json\/wp\/v2\/tags?post=16793"}],"curies":[{"name":"wp","href":"https:\/\/api.w.org\/{rel}","templated":true}]}}