{"id":16789,"date":"2020-07-01T14:31:30","date_gmt":"2020-07-01T17:31:30","guid":{"rendered":"http:\/\/blogs.correiobraziliense.com.br\/servidor\/?p=16789"},"modified":"2020-07-01T14:31:30","modified_gmt":"2020-07-01T17:31:30","slug":"camara-lanca-video-que-explica-como-participar-de-audiencias-interativas","status":"publish","type":"post","link":"https:\/\/blogs.correiobraziliense.com.br\/servidor\/camara-lanca-video-que-explica-como-participar-de-audiencias-interativas\/","title":{"rendered":"C\u00e2mara lan\u00e7a v\u00eddeo que explica como participar de audi\u00eancias interativas"},"content":{"rendered":"<p><em><strong>A C\u00e2mara dos Deputados lan\u00e7a, hoje (01\/7), uma nova ferramenta para facilitar a participa\u00e7\u00e3o popular nas\u00a0<a href=\"https:\/\/edemocracia.camara.leg.br\/audiencias\/\" target=\"_blank\" rel=\"noopener\">audi\u00eancias interativas<\/a>\u00a0da institui\u00e7\u00e3o. Um\u00a0<a href=\"https:\/\/www.youtube.com\/watch?v=DX1gD-DQoKM&amp;feature=emb_logo\" target=\"_blank\" rel=\"noopener\">v\u00eddeo<\/a>\u00a0explicativo mostra como o cidad\u00e3o pode acompanhar os eventos e aproveitar ao m\u00e1ximo os recursos interativos dispon\u00edveis na plataforma<\/strong><\/em><\/p>\n<p><iframe loading=\"lazy\" title=\"Audi\u00eancias Interativas\" width=\"1440\" height=\"810\" src=\"https:\/\/www.youtube.com\/embed\/DX1gD-DQoKM?start=5&amp;feature=oembed\" frameborder=\"0\" allow=\"accelerometer; autoplay; clipboard-write; encrypted-media; gyroscope; picture-in-picture; web-share\" referrerpolicy=\"strict-origin-when-cross-origin\" allowfullscreen><\/iframe><\/p>\n<p>Por meio da plataforma, \u00e9 poss\u00edvel ao cidad\u00e3o enviar perguntas e sugest\u00f5es para os deputados e os convidados durante os debates, al\u00e9m de participar de chat com outros usu\u00e1rios. As audi\u00eancias encerradas ficam dispon\u00edveis, na \u00edntegra, para consulta na p\u00e1gina principal da ferramenta, no portal\u00a0<a href=\"https:\/\/edemocracia.camara.leg.br\/\" target=\"_blank\" rel=\"noopener\">e-Democracia<\/a>.<\/p>\n<p>As audi\u00eancias interativas permitem que brasileiros de qualquer parte do pa\u00eds participem virtualmente \u2013 por computador, smartphone ou tablete \u2013 de audi\u00eancias p\u00fablicas, reuni\u00f5es e outros eventos com transmiss\u00e3o ao vivo por comiss\u00f5es da C\u00e2mara e outros \u00f3rg\u00e3os vinculados \u00e0 atividade parlamentar.<\/p>\n","protected":false},"excerpt":{"rendered":"<p>A C\u00e2mara dos Deputados lan\u00e7a, hoje (01\/7), uma nova ferramenta para facilitar a participa\u00e7\u00e3o popular nas\u00a0audi\u00eancias interativas\u00a0da institui\u00e7\u00e3o. Um\u00a0v\u00eddeo\u00a0explicativo mostra como o cidad\u00e3o pode acompanhar os eventos e aproveitar ao m\u00e1ximo os recursos interativos dispon\u00edveis na plataforma Por meio da plataforma, \u00e9 poss\u00edvel ao cidad\u00e3o enviar perguntas e sugest\u00f5es para os deputados e os convidados durante os debates, al\u00e9m de [&hellip;]<\/p>\n","protected":false},"author":89,"featured_media":0,"comment_status":"open","ping_status":"closed","sticky":false,"template":"","format":"standard","meta":{"footnotes":""},"categories":[2719],"tags":[3418,1531,1316,6475,1420,17811,1120,7748,3864,5924,2664,5012],"class_list":["post-16789","post","type-post","status-publish","format-standard","hentry","category-servidor","tag-audiencias","tag-camara-dos-deputados","tag-cidadao","tag-convidados","tag-ferramenta","tag-interativas","tag-participacao","tag-perguntas","tag-plataforma","tag-popular","tag-sugestoes","tag-video"],"_links":{"self":[{"href":"https:\/\/blogs.correiobraziliense.com.br\/servidor\/wp-json\/wp\/v2\/posts\/16789","targetHints":{"allow":["GET"]}}],"collection":[{"href":"https:\/\/blogs.correiobraziliense.com.br\/servidor\/wp-json\/wp\/v2\/posts"}],"about":[{"href":"https:\/\/blogs.correiobraziliense.com.br\/servidor\/wp-json\/wp\/v2\/types\/post"}],"author":[{"embeddable":true,"href":"https:\/\/blogs.correiobraziliense.com.br\/servidor\/wp-json\/wp\/v2\/users\/89"}],"replies":[{"embeddable":true,"href":"https:\/\/blogs.correiobraziliense.com.br\/servidor\/wp-json\/wp\/v2\/comments?post=16789"}],"version-history":[{"count":0,"href":"https:\/\/blogs.correiobraziliense.com.br\/servidor\/wp-json\/wp\/v2\/posts\/16789\/revisions"}],"wp:attachment":[{"href":"https:\/\/blogs.correiobraziliense.com.br\/servidor\/wp-json\/wp\/v2\/media?parent=16789"}],"wp:term":[{"taxonomy":"category","embeddable":true,"href":"https:\/\/blogs.correiobraziliense.com.br\/servidor\/wp-json\/wp\/v2\/categories?post=16789"},{"taxonomy":"post_tag","embeddable":true,"href":"https:\/\/blogs.correiobraziliense.com.br\/servidor\/wp-json\/wp\/v2\/tags?post=16789"}],"curies":[{"name":"wp","href":"https:\/\/api.w.org\/{rel}","templated":true}]}}