{"id":16775,"date":"2020-06-30T17:53:24","date_gmt":"2020-06-30T20:53:24","guid":{"rendered":"http:\/\/blogs.correiobraziliense.com.br\/servidor\/?p=16775"},"modified":"2020-06-30T17:53:24","modified_gmt":"2020-06-30T20:53:24","slug":"comportamento-e-visual-nas-plataformas-digitais","status":"publish","type":"post","link":"https:\/\/blogs.correiobraziliense.com.br\/servidor\/comportamento-e-visual-nas-plataformas-digitais\/","title":{"rendered":"Comportamento e visual nas plataformas digitais"},"content":{"rendered":"<p><em><strong>Webin\u00e1rio vai abordar imagem, comportamento e visual nas plataformas digitais, com enfase a quem est\u00e1 em home office. Ser\u00e1 amanh\u00e3, 1 de julho, \u00e0s 20 horas, pelo Youtube da Bazeggio Consultoria<\/strong><\/em><\/p>\n<p><img loading=\"lazy\" decoding=\"async\" class=\"alignright size-full wp-image-16776\" src=\"https:\/\/blogs.correiobraziliense.com.br\/servidor\/wp-content\/uploads\/sites\/10\/2020\/06\/com-que-roupa-eu-vou.jpg\" alt=\"\" width=\"828\" height=\"828\" \/><\/p>\n","protected":false},"excerpt":{"rendered":"<p>Webin\u00e1rio vai abordar imagem, comportamento e visual nas plataformas digitais, com enfase a quem est\u00e1 em home office. Ser\u00e1 amanh\u00e3, 1 de julho, \u00e0s 20 horas, pelo Youtube da Bazeggio Consultoria<\/p>\n","protected":false},"author":89,"featured_media":0,"comment_status":"open","ping_status":"closed","sticky":false,"template":"","format":"standard","meta":{"footnotes":""},"categories":[2719],"tags":[4589,6696,2302,3144,6459,9270,17259,5791],"class_list":["post-16775","post","type-post","status-publish","format-standard","hentry","category-servidor","tag-comportamento","tag-digitais","tag-home-office","tag-imagem","tag-plataformas","tag-roupa","tag-trabalho-remoto","tag-visual"],"_links":{"self":[{"href":"https:\/\/blogs.correiobraziliense.com.br\/servidor\/wp-json\/wp\/v2\/posts\/16775","targetHints":{"allow":["GET"]}}],"collection":[{"href":"https:\/\/blogs.correiobraziliense.com.br\/servidor\/wp-json\/wp\/v2\/posts"}],"about":[{"href":"https:\/\/blogs.correiobraziliense.com.br\/servidor\/wp-json\/wp\/v2\/types\/post"}],"author":[{"embeddable":true,"href":"https:\/\/blogs.correiobraziliense.com.br\/servidor\/wp-json\/wp\/v2\/users\/89"}],"replies":[{"embeddable":true,"href":"https:\/\/blogs.correiobraziliense.com.br\/servidor\/wp-json\/wp\/v2\/comments?post=16775"}],"version-history":[{"count":0,"href":"https:\/\/blogs.correiobraziliense.com.br\/servidor\/wp-json\/wp\/v2\/posts\/16775\/revisions"}],"wp:attachment":[{"href":"https:\/\/blogs.correiobraziliense.com.br\/servidor\/wp-json\/wp\/v2\/media?parent=16775"}],"wp:term":[{"taxonomy":"category","embeddable":true,"href":"https:\/\/blogs.correiobraziliense.com.br\/servidor\/wp-json\/wp\/v2\/categories?post=16775"},{"taxonomy":"post_tag","embeddable":true,"href":"https:\/\/blogs.correiobraziliense.com.br\/servidor\/wp-json\/wp\/v2\/tags?post=16775"}],"curies":[{"name":"wp","href":"https:\/\/api.w.org\/{rel}","templated":true}]}}