{"id":16773,"date":"2020-06-30T16:20:26","date_gmt":"2020-06-30T19:20:26","guid":{"rendered":"http:\/\/blogs.correiobraziliense.com.br\/servidor\/?p=16773"},"modified":"2020-06-30T16:20:26","modified_gmt":"2020-06-30T19:20:26","slug":"servidores-do-inss-fizeram-ato-em-brasilia-contra-a-abertura-de-agencias","status":"publish","type":"post","link":"https:\/\/blogs.correiobraziliense.com.br\/servidor\/servidores-do-inss-fizeram-ato-em-brasilia-contra-a-abertura-de-agencias\/","title":{"rendered":"Servidores do INSS fizeram ato em Bras\u00edlia contra a abertura de ag\u00eancias"},"content":{"rendered":"<p><em><strong>Eles destacaram, em protesto na manh\u00e3 de hoje, que o\u00a0Governo do Distrito Federal, repetindo o ato do presidente Bolsonaro, quer reabrir todas atividades comerciais e servi\u00e7os p\u00fablicos em Bras\u00edlia, colocando em risco a popula\u00e7\u00e3o em todo pa\u00eds, que j\u00e1 sofre as consequ\u00eancias da falta de vagas nos hospitais p\u00fablico. &#8220;A Fenasps, unindo for\u00e7as com movimento popular, est\u00e1 em luta contra mais este atentado a vida&#8221;, afirma\u00a0<\/strong><\/em><\/p>\n<p>Veja a manifesta\u00e7\u00e3o:<\/p>\n<p>https:\/\/www.youtube.com\/watch?v=tStM_968ZIE&#038;feature=emb_title<\/p>\n","protected":false},"excerpt":{"rendered":"<p>Eles destacaram, em protesto na manh\u00e3 de hoje, que o\u00a0Governo do Distrito Federal, repetindo o ato do presidente Bolsonaro, quer reabrir todas atividades comerciais e servi\u00e7os p\u00fablicos em Bras\u00edlia, colocando em risco a popula\u00e7\u00e3o em todo pa\u00eds, que j\u00e1 sofre as consequ\u00eancias da falta de vagas nos hospitais p\u00fablico. &#8220;A Fenasps, unindo for\u00e7as com movimento popular, est\u00e1 em luta contra [&hellip;]<\/p>\n","protected":false},"author":89,"featured_media":0,"comment_status":"open","ping_status":"closed","sticky":false,"template":"","format":"standard","meta":{"footnotes":""},"categories":[2719],"tags":[638,879,21,11,1734,718,58],"class_list":["post-16773","post","type-post","status-publish","format-standard","hentry","category-servidor","tag-abertura","tag-agencias","tag-ato","tag-inss","tag-manifestacoes","tag-protesto","tag-servidores"],"_links":{"self":[{"href":"https:\/\/blogs.correiobraziliense.com.br\/servidor\/wp-json\/wp\/v2\/posts\/16773","targetHints":{"allow":["GET"]}}],"collection":[{"href":"https:\/\/blogs.correiobraziliense.com.br\/servidor\/wp-json\/wp\/v2\/posts"}],"about":[{"href":"https:\/\/blogs.correiobraziliense.com.br\/servidor\/wp-json\/wp\/v2\/types\/post"}],"author":[{"embeddable":true,"href":"https:\/\/blogs.correiobraziliense.com.br\/servidor\/wp-json\/wp\/v2\/users\/89"}],"replies":[{"embeddable":true,"href":"https:\/\/blogs.correiobraziliense.com.br\/servidor\/wp-json\/wp\/v2\/comments?post=16773"}],"version-history":[{"count":0,"href":"https:\/\/blogs.correiobraziliense.com.br\/servidor\/wp-json\/wp\/v2\/posts\/16773\/revisions"}],"wp:attachment":[{"href":"https:\/\/blogs.correiobraziliense.com.br\/servidor\/wp-json\/wp\/v2\/media?parent=16773"}],"wp:term":[{"taxonomy":"category","embeddable":true,"href":"https:\/\/blogs.correiobraziliense.com.br\/servidor\/wp-json\/wp\/v2\/categories?post=16773"},{"taxonomy":"post_tag","embeddable":true,"href":"https:\/\/blogs.correiobraziliense.com.br\/servidor\/wp-json\/wp\/v2\/tags?post=16773"}],"curies":[{"name":"wp","href":"https:\/\/api.w.org\/{rel}","templated":true}]}}