{"id":16765,"date":"2020-06-29T20:29:45","date_gmt":"2020-06-29T23:29:45","guid":{"rendered":"http:\/\/blogs.correiobraziliense.com.br\/servidor\/?p=16765"},"modified":"2020-06-29T20:29:45","modified_gmt":"2020-06-29T23:29:45","slug":"assembleia-aprova-a-fundacao-da-federacao-nacional-dos-auditores-de-controle-interno-publico","status":"publish","type":"post","link":"https:\/\/blogs.correiobraziliense.com.br\/servidor\/assembleia-aprova-a-fundacao-da-federacao-nacional-dos-auditores-de-controle-interno-publico\/","title":{"rendered":"Assembleia aprova a funda\u00e7\u00e3o da Federa\u00e7\u00e3o Nacional dos Auditores de Controle Interno P\u00fablico"},"content":{"rendered":"<p><em><strong>Nasce a Federa\u00e7\u00e3o Nacional dos Auditores de Controle Interno P\u00fablico (Fenaud). A elei\u00e7\u00e3o dos membros da diretoria e dos Conselhos Fiscal e de Representantes aconteceram, hoje, 29 de junho, em assembleia nacional. Segundo os associados-fundadores, &#8220;a data entra para a hist\u00f3ria do Controle Interno P\u00fablico do Brasil&#8221;<\/strong><\/em><\/p>\n<p>O presidente da Unacon, Rudinei Marques, foi eleito presidente da Federa\u00e7\u00e3o. O vice-presidente da entidade, Daniel Lara, e o diretor de Finan\u00e7as, Arivaldo Sampaio, tamb\u00e9m integrar\u00e3o a diretoria. Debora Ceciliotti, presidente da Associa\u00e7\u00e3o Nacional dos Auditores do MEC (Unamec), destacou a import\u00e2ncia da entidade.<\/p>\n<p>&#8220;Entendo a constitui\u00e7\u00e3o da Fenaud como um marco para o fortalecimento do Controle Interno P\u00fablico, em especial com esperan\u00e7a de delimitarmos e fortalecermos suas macrofun\u00e7\u00f5es. Com as linhas de defesa bem esclarecidas e com a auditoria interna robusta, entregaremos mais valor para os cidad\u00e3os, agora em n\u00edvel nacional\u201d, afirmou .<\/p>\n<p>\u201cTemos a confian\u00e7a de que, a partir daqui, caminharemos juntos rumo a um Controle Interno homog\u00eaneo, forte e efetivo, em todos os recantos do nosso pa\u00eds\u201d, observou a vice-presidente para Assuntos Municipais adjunta eleita, Nathalia Carvalho, da Associa\u00e7\u00e3o dos Servidores de Controle Interno do Recife (Ascire).<\/p>\n<p><strong>For\u00e7a<\/strong><\/p>\n<p>Na posse, Rudinei Marques pontuou que a entidade nasce em momento bastante desafiador. \u201cEstamos sob ataques reiterados, n\u00e3o s\u00f3 o Controle, mas todo o servi\u00e7o p\u00fablico e a pr\u00f3pria democracia e, neste contexto, a cria\u00e7\u00e3o da Fenaud nos permitir\u00e1 lutar com mais uni\u00e3o e for\u00e7a. Enfrentaremos com altivez estas amea\u00e7as e trabalharemos com vigor para o aperfei\u00e7oamento e a consolida\u00e7\u00e3o do Controle Interno P\u00fablico.\u201d<\/p>\n<p>Na mesma linha, o secret\u00e1rio executivo da Unacon, Br\u00e1ulio Cerqueira, e o vice-presidente Nacional eleito, Jaran de Brito, do Sindifico-DF, destacaram que a entidade ser\u00e1 uma importante ferramenta frente aos desafios que se avizinham.<\/p>\n<p>\u201cDiante da crise provocada pela pandemia da Covid-19, que, de um lado, evidenciou a import\u00e2ncia de um Estado forte, e de outro, tornou-se pretexto para retirada de direitos, a atua\u00e7\u00e3o de uma entidade nacional, que congrega servidores de todas as esferas, ser\u00e1, sem d\u00favida, decisiva\u201d, afirmou Br\u00e1ulio.<\/p>\n<p>\u201cA cria\u00e7\u00e3o da Fenaud \u00e9 de primordial import\u00e2ncia, pois possibilitar\u00e1 o debate mais eficaz em busca de um diapas\u00e3o que possibilite, de forma coordenada, o crescimento e o fortalecimento do Controle Interno de todos os entes federados, engrossando as fileiras de prote\u00e7\u00e3o do Estado brasileiro\u201d, completou Jaran.<\/p>\n<p>Anjuli Tostes, auditora federal de Finan\u00e7as e Controle (AFFC), elogiou a iniciativa e lembrou que o fortalecimento do Controle Interno \u00e9 intr\u00ednseco \u00e0 constru\u00e7\u00e3o de uma democracia forte. \u201cO controle, horizontal e vertical (social), tem como finalidade promover o realinhamento da atua\u00e7\u00e3o governamental ao interesse p\u00fablico. Uma iniciativa como a Fenaud, que visa fortalecer o desempenho de uma fun\u00e7\u00e3o t\u00e3o essencial \u00e0s democracias, deve ser louvada\u201d, concluiu.<\/p>\n<p>Prontos para dar os pr\u00f3ximos passos, os associados tamb\u00e9m debateram o trabalho em conjunto com as demais inst\u00e2ncias de mobiliza\u00e7\u00e3o do servi\u00e7o p\u00fablico. \u201cVamos atuar para fortalecer a articula\u00e7\u00e3o nacional da carreira e, ao mesmo tempo, buscar estreitar o relacionamento com parceiros estrat\u00e9gicos, como conselhos profissionais e outras entidades representativas, al\u00e9m de institui\u00e7\u00f5es relevantes, como Congresso Nacional, Minist\u00e9rio P\u00fablico e Poder Judici\u00e1rio\u201d, enfatizou Rodrigo Amorim, vice-presidente da Associa\u00e7\u00e3o dos Auditores da Controladoria-Geral do Estado de Mato Grosso (Assae).<\/p>\n<p>Veja os nomes que estar\u00e3o \u00e0 frente da Fenaud pelos pr\u00f3ximos tr\u00eas anos.<\/p>\n<p>Diretoria<\/p>\n<p>Presidente: Rudinei Marques\/Unacon-Nacional;<\/p>\n<p>Vice-Presidente Nacional: Jaran de Brito\/Sindifico-DF;<\/p>\n<p>Vice-Presidente para Assuntos Federais: Paulo Marcelo Santana Barbosa (Unamec\/IFPE); Adjunto \u2013 Adonilton Luiz Pizzatto (IFC\/SC);<\/p>\n<p>Vice-Presidente para Assuntos Estaduais e Distrital: Paulo Pelissari \u2013 ES; Adjunto \u2013 Patr\u00edcia Maia \u2013 PE;<\/p>\n<p>Vice-Presidente para Assuntos Municipais: Heloisa Bezerra \u2013 Ascire\/Recife-PE; Adjunto \u2013 Nathalia Carvalho \u2013 Ascire\/Recife-PE;<\/p>\n<p>Diretor de Defesa Profissional: Elaine Elesb\u00e3o (Sindifico\/DF); Adjunto \u2013 Darcy J\u00fanior (PI);<\/p>\n<p>Diretor Jur\u00eddico e de Defesa de Aposentados e Pensionistas: Jos\u00e9 Wagner De Queiroz (Unasus); Adjunto \u2013 Francisco Nazareno Avelino de Lima (Unasus);<\/p>\n<p>Diretor Administrativo-Financeiro: Daniel Xavier Lara (Unacon\/DF); Adjunto \u2013 Arivaldo Sampaio (Unacon\/DF).<\/p>\n<p>Conselho Fiscal<\/p>\n<p>Maria da Gl\u00f3ria Moreira Santos (Audin\/MG)<\/p>\n<p>Nelson Norio (SP);<\/p>\n<p>Fernando de Almeida de Souza (Audin\/MG);<\/p>\n<p>Suplente: Sandra Riejtens (SP).<\/p>\n<p>Associados Individuais para o Conselho de Representantes<\/p>\n<p>Andr\u00e9 Luiz Costa Ferreira (CGE\/MT);<\/p>\n<p>Carlos Arthur Saldanha (UFPEL\/RS);<\/p>\n<p>Thehunnas Mariano de Peixoto Santos (PE).<\/p>\n","protected":false},"excerpt":{"rendered":"<p>Nasce a Federa\u00e7\u00e3o Nacional dos Auditores de Controle Interno P\u00fablico (Fenaud). A elei\u00e7\u00e3o dos membros da diretoria e dos Conselhos Fiscal e de Representantes aconteceram, hoje, 29 de junho, em assembleia nacional. Segundo os associados-fundadores, &#8220;a data entra para a hist\u00f3ria do Controle Interno P\u00fablico do Brasil&#8221; O presidente da Unacon, Rudinei Marques, foi eleito presidente da Federa\u00e7\u00e3o. O vice-presidente [&hellip;]<\/p>\n","protected":false},"author":89,"featured_media":0,"comment_status":"open","ping_status":"closed","sticky":false,"template":"","format":"standard","meta":{"footnotes":""},"categories":[2719],"tags":[518,2866,3253,207,14939,4053,1845,108,106,17797,67,4067,5531,241,1765,58],"class_list":["post-16765","post","type-post","status-publish","format-standard","hentry","category-servidor","tag-assembleia","tag-ataques","tag-conselhos","tag-controle","tag-controle-interno","tag-democracia","tag-desafios","tag-diretoria","tag-eleicao","tag-fenaud","tag-fiscal","tag-fundacao","tag-interno","tag-publico","tag-representantes","tag-servidores"],"_links":{"self":[{"href":"https:\/\/blogs.correiobraziliense.com.br\/servidor\/wp-json\/wp\/v2\/posts\/16765","targetHints":{"allow":["GET"]}}],"collection":[{"href":"https:\/\/blogs.correiobraziliense.com.br\/servidor\/wp-json\/wp\/v2\/posts"}],"about":[{"href":"https:\/\/blogs.correiobraziliense.com.br\/servidor\/wp-json\/wp\/v2\/types\/post"}],"author":[{"embeddable":true,"href":"https:\/\/blogs.correiobraziliense.com.br\/servidor\/wp-json\/wp\/v2\/users\/89"}],"replies":[{"embeddable":true,"href":"https:\/\/blogs.correiobraziliense.com.br\/servidor\/wp-json\/wp\/v2\/comments?post=16765"}],"version-history":[{"count":0,"href":"https:\/\/blogs.correiobraziliense.com.br\/servidor\/wp-json\/wp\/v2\/posts\/16765\/revisions"}],"wp:attachment":[{"href":"https:\/\/blogs.correiobraziliense.com.br\/servidor\/wp-json\/wp\/v2\/media?parent=16765"}],"wp:term":[{"taxonomy":"category","embeddable":true,"href":"https:\/\/blogs.correiobraziliense.com.br\/servidor\/wp-json\/wp\/v2\/categories?post=16765"},{"taxonomy":"post_tag","embeddable":true,"href":"https:\/\/blogs.correiobraziliense.com.br\/servidor\/wp-json\/wp\/v2\/tags?post=16765"}],"curies":[{"name":"wp","href":"https:\/\/api.w.org\/{rel}","templated":true}]}}