{"id":16746,"date":"2020-06-26T14:50:31","date_gmt":"2020-06-26T17:50:31","guid":{"rendered":"http:\/\/blogs.correiobraziliense.com.br\/servidor\/?p=16746"},"modified":"2020-06-26T14:50:31","modified_gmt":"2020-06-26T17:50:31","slug":"26-de-junho-dia-do-metrologista-bate-papo-ao-vivo-apresenta-detalhes-sobre-a-profissao","status":"publish","type":"post","link":"https:\/\/blogs.correiobraziliense.com.br\/servidor\/26-de-junho-dia-do-metrologista-bate-papo-ao-vivo-apresenta-detalhes-sobre-a-profissao\/","title":{"rendered":"26 de junho: Dia do Metrologista &#8211; Bate-papo ao vivo apresenta detalhes sobre a profiss\u00e3o"},"content":{"rendered":"<p><em><strong>Nesta sexta-feira (26\/6), \u00e0s 18 horas, uma live no canal do Instituto Nacional de Metrologia (Inmetro) <a href=\"http:\/\/no canal do Inmetro no YouTube\">no YouTube<\/a> marcar\u00e1 a comemora\u00e7\u00e3o pelo Dia do Metrologista.\u00a0A \u201cLive\u201d reunir\u00e1 servidores das diretorias de Metrologia Legal, Metrologia Cient\u00edfica e Tecnologia e da Metrologia Aplicada \u00e0s Ci\u00eancias da Vida\u00a0<\/strong><\/em><\/p>\n<p>Na pauta da conversa, detalhes sobre cursos de forma\u00e7\u00e3o na \u00e1rea e curiosidades sobre campos de atua\u00e7\u00e3o no mercado de trabalho. Quem quiser participar pode se inscrever no canal do Inmetro.<\/p>\n<p>O metrologista \u00e9 o profissional que trabalha com a ci\u00eancia das medi\u00e7\u00f5es e como elas podem ser aplicadas na sociedade. A principal aplica\u00e7\u00e3o da metrologia acontece no estudo e padroniza\u00e7\u00e3o dos pesos e medidas, e tamb\u00e9m na implementa\u00e7\u00e3o de sistemas de unidades. Este profissional pode atuar em tr\u00eas grandes \u00e1reas: a metrologia cient\u00edfica, metrologia industrial, e metrologia legal. Estas tr\u00eas \u00e1reas realizam atividades diferentes, exigindo um conhecimento espec\u00edfico do metrologista.<\/p>\n<p>No Brasil, 26 de junho \u00e9 a data escolhida para comemorar o Dia Nacional do Metrologista. Nesta data, em 1862, o Imperador Dom Pedro II promulgou a lei n\u00ba. 1175, pela qual o Pa\u00eds adotou o Sistema M\u00e9trico Decimal (que mais tarde, em 1960, seria substitu\u00eddo pelo Sistema Internacional de Unidades \u2013 SI, atualmente em vigor, mais complexo e sofisticado).<\/p>\n<p>Desde ent\u00e3o a metrologia ou Ci\u00eancia da Medi\u00e7\u00e3o vem ocupando um espa\u00e7o cada vez mais essencial na vida moderna. Hoje em dia, com o aumento do conhecimento tecnol\u00f3gico, em que o n\u00edvel de detalhamento se tornou muito grande, tudo depende de medi\u00e7\u00e3o: ela \u00e9 garantia para rela\u00e7\u00f5es de troca justas, base para regulamenta\u00e7\u00e3o e fiscaliza\u00e7\u00e3o nas \u00e1reas de sa\u00fade, seguran\u00e7a e meio ambiente. Al\u00e9m de ser fonte permanente de qualidade, inova\u00e7\u00e3o e competitividade para o desenvolvimento industrial.<\/p>\n<p>A metrologia ocorre sempre que h\u00e1 a necessidade de demonstrar confian\u00e7a nas medi\u00e7\u00f5es, para avaliar, controlar e coordenar. Seu problema central \u00e9 a credibilidade, universalidade e qualidade dos resultados.<\/p>\n<p><strong>Sobre o Dia do Metrologista<\/strong><\/p>\n<p>O Comit\u00ea Internacional de Pesos e Medidas declarou o dia 20 de maio como o Dia Mundial da Metrologia (World Metrology Day). Isto porque nessa data se comemora a assinatura da Conven\u00e7\u00e3o do Metro, ocorrida em maio de 1875. Naquela \u00e9poca, 17 pa\u00edses assinaram a conven\u00e7\u00e3o, entre eles, o Brasil. Hoje, trata-se de um acordo entre 48 na\u00e7\u00f5es.<\/p>\n<p>No Brasil, comemora-se no dia 26 de junho o Dia do Metrologista, para lembrar a data em que o Sistema M\u00e9trico Decimal, oriundo da Fran\u00e7a e precursor do atual Sistema Internacional de Unidades (SI), foi oficializado no pa\u00eds atrav\u00e9s da Lei n\u00famero 1.175, assinada pelo Imperador D. Pedro II.<\/p>\n<p>O metrologista \u00e9 um profissional que pode atuar tanto na \u00e1rea da ind\u00fastria e da pesquisa quanto na do Sistema Metrol\u00f3gico Nacional ou mesmo em empresas.<\/p>\n<p>No \u00e2mbito da pesquisa, a metrologia \u00e9 de extrema import\u00e2ncia para se obter informa\u00e7\u00f5es confi\u00e1veis nas investiga\u00e7\u00f5es cient\u00edficas. N\u00e3o podemos esquecer que a maioria das descobertas cient\u00edfica foi e sempre s\u00e3o fundamentadas em observa\u00e7\u00f5es de experimentos: parte-se de uma meticulosa medi\u00e7\u00e3o de grandezas e pequenos efeitos para se chegar a novos princ\u00edpios, prontamente equacionados.<\/p>\n<p>Na ind\u00fastria, a metrologia se aplica de maneira mais ampla, uma vez que se mostra essencial para manter sob controle processos produtivos de toda ordem. Ou seja, tem uma forte influ\u00eancia sobre a qualidade final do produto. Tamb\u00e9m \u00e9 importante para desenvolver, aperfei\u00e7oar e testar novos produtos. O profissional dessa \u00e1rea pode criar sistemas e processos de medi\u00e7\u00e3o para serem aplicados no setor e ainda calibrar instrumentos e padr\u00f5es pr\u00f3prios, visando a excel\u00eancia na produ\u00e7\u00e3o.<\/p>\n<p>J\u00e1 os in\u00fameros laborat\u00f3rios que prestam servi\u00e7os de calibra\u00e7\u00e3o de instrumentos e fazem testes em produtos e em equipamentos, cada vez mais solicitados \u2013 por conta das normas da s\u00e9rie ISO \u2013 v\u00eam se apresentando como um mercado de trabalho que se expande cada vez mais.<\/p>\n<p>Em uma \u00e9poca mais remota, diversas unidades de medida conviviam entre si, variando de pa\u00eds a pa\u00eds ou, o que \u00e9 pior, mudava dentro de um mesmo pa\u00eds ou de uma mesma regi\u00e3o! A necessidade de se equiparar \u00e0s medidas foi aumentando com o passar do tempo e, em 1875, aconteceu a Conven\u00e7\u00e3o do Metro. O Sistema M\u00e9trico foi o primeiro sistema racional de unidades, tendo sido internacionalizado naquela conven\u00e7\u00e3o. Atrav\u00e9s de um Tratado, estabeleceu-se ent\u00e3o o Bureau Internacional de Pesos e Medidas (BIPM), com sede na Fran\u00e7a. Mais recentemente, em 1960, com a XI Confer\u00eancia Geral de Pesos e Medidas e tendo o aval dos mais importantes pa\u00edses, o Bureau ganha relev\u00e2ncia, podendo ser chamado de Sistema Internacional de Unidades (SI).<\/p>\n<p>O Sistema \u00e9 dividido em duas classes de unidades: unidades de base: metro (comprimento), quilograma (peso), segundo (tempo), amp\u00e9re (intensidade de corrente el\u00e9trica), mol (quantidade de subst\u00e2ncia\/mol\u00e9cula-grama) e candela (intensidade luminosa); e unidades derivadas: por exemplo, metro por segundo e volt (diferen\u00e7a de potencial el\u00e9trico).<\/p>\n<p>Em documentos que datam da \u00e9poca colonial, 1532, a atividade metrol\u00f3gica se refere \u00e0 fiscaliza\u00e7\u00e3o do funcionamento de mercados locais. Uma legisla\u00e7\u00e3o sobre o assunto tamb\u00e9m pode ser encontrada na Constitui\u00e7\u00e3o Imperial de 1824, baseada nas legisla\u00e7\u00f5es dos Estados Unidos e da Fran\u00e7a. Nela consta que uma das atribui\u00e7\u00f5es do Poder Legislativo seria o estabelecimento de padr\u00f5es de pesos e medidas.<\/p>\n<p>A metrologia no Brasil se confunde com o surgimento das primeiras Institui\u00e7\u00f5es Militares e Superiores (Universidade), Escolas de Of\u00edcios e o Observat\u00f3rio Nacional (Servi\u00e7o da Hora).<\/p>\n<p>Num per\u00edodo mais pr\u00f3ximo de n\u00f3s, mais precisamente em 1973, foi criado o Instituto Nacional de Metrologia, Normaliza\u00e7\u00e3o e Qualidade Industrial (INMETRO) (hoje INSTITUTO NACIONAL DE METROLOGIA, QUALIDADE E TECNOLOGIA-Inmetro), que coordena a Metrologia Cient\u00edfica e Industrial e se divide em dois ramos: Laborat\u00f3rio Nacional de Metrologia e Rede Brasileira de Calibra\u00e7\u00e3o. O primeiro \u00e9 respons\u00e1vel pela realiza\u00e7\u00e3o, manuten\u00e7\u00e3o e dissemina\u00e7\u00e3o das unidades do Sistema Internacional (SI), localizado no Rio de Janeiro, e o segundo mant\u00e9m uma gama de laborat\u00f3rios, espalhados em diversas regi\u00f5es do pa\u00eds, para atender \u00e0 demanda de servi\u00e7os<\/p>\n<p><em>Fontes<\/em>: Inmetro \u2013 Ipem SP e Asmetro-SN<\/p>\n<p>&nbsp;<\/p>\n","protected":false},"excerpt":{"rendered":"<p>Nesta sexta-feira (26\/6), \u00e0s 18 horas, uma live no canal do Instituto Nacional de Metrologia (Inmetro) no YouTube marcar\u00e1 a comemora\u00e7\u00e3o pelo Dia do Metrologista.\u00a0A \u201cLive\u201d reunir\u00e1 servidores das diretorias de Metrologia Legal, Metrologia Cient\u00edfica e Tecnologia e da Metrologia Aplicada \u00e0s Ci\u00eancias da Vida\u00a0 Na pauta da conversa, detalhes sobre cursos de forma\u00e7\u00e3o na \u00e1rea e curiosidades sobre campos [&hellip;]<\/p>\n","protected":false},"author":89,"featured_media":0,"comment_status":"open","ping_status":"closed","sticky":false,"template":"","format":"standard","meta":{"footnotes":""},"categories":[2719],"tags":[14116,9838,17787,5815,485,469,17341,9498,1578,489,3853,14839,7536,58,1779,351,261,514],"class_list":["post-16746","post","type-post","status-publish","format-standard","hentry","category-servidor","tag-asmetro","tag-cientifica","tag-dia-do-metrologista","tag-industrial","tag-inmetro","tag-legal","tag-live","tag-medicoes","tag-medidas","tag-mercado","tag-padronizacao","tag-pesos","tag-profissao","tag-servidores","tag-sistemas","tag-sociedade","tag-trabalho","tag-unidades"],"_links":{"self":[{"href":"https:\/\/blogs.correiobraziliense.com.br\/servidor\/wp-json\/wp\/v2\/posts\/16746","targetHints":{"allow":["GET"]}}],"collection":[{"href":"https:\/\/blogs.correiobraziliense.com.br\/servidor\/wp-json\/wp\/v2\/posts"}],"about":[{"href":"https:\/\/blogs.correiobraziliense.com.br\/servidor\/wp-json\/wp\/v2\/types\/post"}],"author":[{"embeddable":true,"href":"https:\/\/blogs.correiobraziliense.com.br\/servidor\/wp-json\/wp\/v2\/users\/89"}],"replies":[{"embeddable":true,"href":"https:\/\/blogs.correiobraziliense.com.br\/servidor\/wp-json\/wp\/v2\/comments?post=16746"}],"version-history":[{"count":0,"href":"https:\/\/blogs.correiobraziliense.com.br\/servidor\/wp-json\/wp\/v2\/posts\/16746\/revisions"}],"wp:attachment":[{"href":"https:\/\/blogs.correiobraziliense.com.br\/servidor\/wp-json\/wp\/v2\/media?parent=16746"}],"wp:term":[{"taxonomy":"category","embeddable":true,"href":"https:\/\/blogs.correiobraziliense.com.br\/servidor\/wp-json\/wp\/v2\/categories?post=16746"},{"taxonomy":"post_tag","embeddable":true,"href":"https:\/\/blogs.correiobraziliense.com.br\/servidor\/wp-json\/wp\/v2\/tags?post=16746"}],"curies":[{"name":"wp","href":"https:\/\/api.w.org\/{rel}","templated":true}]}}