{"id":16739,"date":"2020-06-25T22:30:47","date_gmt":"2020-06-26T01:30:47","guid":{"rendered":"http:\/\/blogs.correiobraziliense.com.br\/servidor\/?p=16739"},"modified":"2020-06-25T22:30:47","modified_gmt":"2020-06-26T01:30:47","slug":"fenasps-reitera-que-nao-e-indicado-retorno-de-servidores-do-inss-ao-trabalho-presencial","status":"publish","type":"post","link":"https:\/\/blogs.correiobraziliense.com.br\/servidor\/fenasps-reitera-que-nao-e-indicado-retorno-de-servidores-do-inss-ao-trabalho-presencial\/","title":{"rendered":"Fenasps reitera que n\u00e3o \u00e9 indicado retorno de servidores do INSS ao trabalho presencial"},"content":{"rendered":"<p><em><strong>A previs\u00e3o \u00e9 de que, com a demanda represada, dois milh\u00f5es de segurados procurem as ag\u00eancias nos primeiros dias. Por isso, a Federa\u00e7\u00e3o Nacional dos Trabalhadores em Sa\u00fade, Trabalho, Previd\u00eancia e Assist\u00eancia Social (Fenasps), em carta ao presidente do INSS,\u00a0solicita a prorroga\u00e7\u00e3o do fechamento das unidades do\u00a0INSS at\u00e9 que haja redu\u00e7\u00e3o da curva de cont\u00e1gio pela Covid 19 e a\u00a0manuten\u00e7\u00e3o do trabalho remoto enquanto perdurar a situa\u00e7\u00e3o de emerg\u00eancia sanit\u00e1ria.\u00a0<\/strong><\/em><\/p>\n<p>No documento endere\u00e7ado ao presidente Leonardo Rolim, a Fenasps cita estudo que aponta que dos 20.509 servidores ativos do\u00a0INSS, 12.783 pertencem ao grupo de risco, ou seja, 62,32% da categoria. &#8220;Desta forma,\u00a0apenas 37,67% dos servidores e servidoras n\u00e3o integrariam esse grupo, al\u00e9m de 573\u00a0afastados por adoecimento&#8221;. Portanto, \u00e9\u00a0imposs\u00edvel retomar a abertura das unidades sem colocar a maioria dos trabalhadores e\u00a0trabalhadoras do Instituto em grave risco de adquirir a forma grave da Covid-19, al\u00e9m\u00a0de toda a popula\u00e7\u00e3o que buscar\u00e1 as Ag\u00eancias de Previd\u00eancia Social.<\/p>\n<p>No dia\u00a023 junho, os servidores foram surpreendidos com documentos\u00a0determinando o retorno \u00e0s unidades no dia 6 de julho. Foi feito novo estudo, nesse dia, mostrando que\u00a0nos \u00faltimos 6 meses (09\/2019 a 02\/2020), o\u00a0INSS atendeu em m\u00e9dia 3.010.759 segurados mensalmente e que durante o per\u00edodo da\u00a0pandemia houve um aumento de 20% do uso do aplicativo Meu INSS. &#8220;Tal constante \u00e9\u00a0de uma obviedade gritante, j\u00e1 que durante este per\u00edodo atendimento estava dispon\u00edvel\u00a0apenas pelos canais remotos. Portanto, mesmo que haja uma redu\u00e7\u00e3o de 20% no\u00a0n\u00famero de atendimentos, trata-se de um contingente de mais de 2 milh\u00f5es de\u00a0segurados que ir\u00e3o procurar as APS, sem contar a exist\u00eancia de uma demanda represada de atendimento&#8221;,<\/p>\n<p>A nota na \u00edntegra pode ser acessada por esse <a href=\"\/Users\/verab\/Downloads\/Oficio%20101%20Pres%20INSS%2024.06.2020%20Sobre%20a%20reabertura%20das%20agencias..pdf\">link<\/a>.<\/p>\n","protected":false},"excerpt":{"rendered":"<p>A previs\u00e3o \u00e9 de que, com a demanda represada, dois milh\u00f5es de segurados procurem as ag\u00eancias nos primeiros dias. Por isso, a Federa\u00e7\u00e3o Nacional dos Trabalhadores em Sa\u00fade, Trabalho, Previd\u00eancia e Assist\u00eancia Social (Fenasps), em carta ao presidente do INSS,\u00a0solicita a prorroga\u00e7\u00e3o do fechamento das unidades do\u00a0INSS at\u00e9 que haja redu\u00e7\u00e3o da curva de cont\u00e1gio pela Covid 19 e a\u00a0manuten\u00e7\u00e3o [&hellip;]<\/p>\n","protected":false},"author":89,"featured_media":0,"comment_status":"open","ping_status":"closed","sticky":false,"template":"","format":"standard","meta":{"footnotes":""},"categories":[2719],"tags":[879,17245,10474,16896,17256,17785,1549,2742,16536,11,17255,1788,17786,16,522,261],"class_list":["post-16739","post","type-post","status-publish","format-standard","hentry","category-servidor","tag-agencias","tag-contagio","tag-contaminacao","tag-coronavirus","tag-covid-19","tag-curva","tag-demanda","tag-emergencia","tag-fenasps","tag-inss","tag-pandemia","tag-presencial","tag-reprimida","tag-retorno","tag-segurados","tag-trabalho"],"_links":{"self":[{"href":"https:\/\/blogs.correiobraziliense.com.br\/servidor\/wp-json\/wp\/v2\/posts\/16739","targetHints":{"allow":["GET"]}}],"collection":[{"href":"https:\/\/blogs.correiobraziliense.com.br\/servidor\/wp-json\/wp\/v2\/posts"}],"about":[{"href":"https:\/\/blogs.correiobraziliense.com.br\/servidor\/wp-json\/wp\/v2\/types\/post"}],"author":[{"embeddable":true,"href":"https:\/\/blogs.correiobraziliense.com.br\/servidor\/wp-json\/wp\/v2\/users\/89"}],"replies":[{"embeddable":true,"href":"https:\/\/blogs.correiobraziliense.com.br\/servidor\/wp-json\/wp\/v2\/comments?post=16739"}],"version-history":[{"count":0,"href":"https:\/\/blogs.correiobraziliense.com.br\/servidor\/wp-json\/wp\/v2\/posts\/16739\/revisions"}],"wp:attachment":[{"href":"https:\/\/blogs.correiobraziliense.com.br\/servidor\/wp-json\/wp\/v2\/media?parent=16739"}],"wp:term":[{"taxonomy":"category","embeddable":true,"href":"https:\/\/blogs.correiobraziliense.com.br\/servidor\/wp-json\/wp\/v2\/categories?post=16739"},{"taxonomy":"post_tag","embeddable":true,"href":"https:\/\/blogs.correiobraziliense.com.br\/servidor\/wp-json\/wp\/v2\/tags?post=16739"}],"curies":[{"name":"wp","href":"https:\/\/api.w.org\/{rel}","templated":true}]}}