{"id":16717,"date":"2020-06-24T17:19:18","date_gmt":"2020-06-24T20:19:18","guid":{"rendered":"http:\/\/blogs.correiobraziliense.com.br\/servidor\/?p=16717"},"modified":"2020-06-24T17:19:18","modified_gmt":"2020-06-24T20:19:18","slug":"corrente-do-bem-das-carreiras-de-estado","status":"publish","type":"post","link":"https:\/\/blogs.correiobraziliense.com.br\/servidor\/corrente-do-bem-das-carreiras-de-estado\/","title":{"rendered":"Corrente do Bem das Carreiras de Estado"},"content":{"rendered":"<p><em><strong>Servidores p\u00fablicos criam Corrente do Bem em aux\u00edlio a fam\u00edlias carentes<\/strong><\/em><\/p>\n<p>Em solidariedade, diversas carreiras de Estado se uniram em campanha de arrecada\u00e7\u00e3o de recursos para a compra e distribui\u00e7\u00e3o de cestas b\u00e1sicas no Distrito Federal. Comunidades carentes, moradores de rua e catadores t\u00eam contado com o apoio da Vakinha Corrente do Bem, que est\u00e1 na segunda edi\u00e7\u00e3o.<\/p>\n<p>A campanha j\u00e1 fez a doa\u00e7\u00e3o de 500 cestas b\u00e1sicas em regi\u00f5es acompanhadas pela Cufa. Itens de alimenta\u00e7\u00e3o e limpeza tamb\u00e9m foram entregues a 337 fam\u00edlias com aux\u00edlio da Central das Cooperativas de Catadores do DF. A Anfip e outras 31 entidades de servidores integrantes do F\u00f3rum Nacional das Carreiras de Estado (Fonacate) participam desta a\u00e7\u00e3o. Para contribuir, acesse <a href=\"http:\/\/vaka.me\/1096047\">http:\/\/vaka.me\/1096047<\/a><\/p>\n<p><strong>Primeira edi\u00e7\u00e3o<\/strong><\/p>\n<p>Tendo em vista os bons resultados da primeira Vakinha Corrente do Bem das Carreiras de Estado, em abril, no in\u00edcio da pandemia da Covid-19 no Brasil, o F\u00f3rum das Carreiras de Estado (Fonacate), por meio de suas 32 entidades afiliadas, resolveu fazer nova arrecada\u00e7\u00e3o para distribuir mais cestas b\u00e1sicas entre comunidades carentes e entidades que apoiam moradores de rua e catadores.<\/p>\n<p>&#8220;Convocamos mais uma vez os servidores p\u00fablicos e a sociedade em geral a se unirem em uma grande campanha de solidariedade para arrecadar fundos para ajudar no enfrentamento ao novo coronav\u00edrus&#8221;, destacam as entidades.<\/p>\n<p>Saiba como foi a distribui\u00e7\u00e3o da primeira<strong>\u00a0<\/strong><i><strong>Vakinha Corrente do Bem das Carreiras de Estado<\/strong>,\u00a0<\/i>\u00a0que arrecadou R$ 65.000,00 (sessenta e cinco mil reais) no link:<\/p>\n<p><a href=\"https:\/\/fonacate.org.br\/v3\/noticia\/entidades\/fonacate-faz-prestacao-de-contas-da-vakinha-corrente-do-bem-das-carreiras-de-estado\/\">https:\/\/fonacate.org.br\/v3\/noticia\/entidades\/fonacate-faz-prestacao-de-contas-da-vakinha-corrente-do-bem-das-carreiras-de-estado\/<\/a><\/p>\n","protected":false},"excerpt":{"rendered":"<p>Servidores p\u00fablicos criam Corrente do Bem em aux\u00edlio a fam\u00edlias carentes Em solidariedade, diversas carreiras de Estado se uniram em campanha de arrecada\u00e7\u00e3o de recursos para a compra e distribui\u00e7\u00e3o de cestas b\u00e1sicas no Distrito Federal. Comunidades carentes, moradores de rua e catadores t\u00eam contado com o apoio da Vakinha Corrente do Bem, que est\u00e1 na segunda edi\u00e7\u00e3o. A campanha [&hellip;]<\/p>\n","protected":false},"author":89,"featured_media":0,"comment_status":"open","ping_status":"closed","sticky":false,"template":"","format":"standard","meta":{"footnotes":""},"categories":[2719],"tags":[946,6490,305,7176,55,17773,2028,12441,68,3534,943,4898,82,6519,316,13684,58,17774],"class_list":["post-16717","post","type-post","status-publish","format-standard","hentry","category-servidor","tag-arrecadacao","tag-bem","tag-campanha","tag-carentes","tag-carreiras","tag-catadores","tag-cestas-basicas","tag-corrente","tag-df","tag-distribuicao","tag-estados","tag-familias","tag-fonacate","tag-moradores","tag-recursos","tag-rua","tag-servidores","tag-vakinha"],"_links":{"self":[{"href":"https:\/\/blogs.correiobraziliense.com.br\/servidor\/wp-json\/wp\/v2\/posts\/16717","targetHints":{"allow":["GET"]}}],"collection":[{"href":"https:\/\/blogs.correiobraziliense.com.br\/servidor\/wp-json\/wp\/v2\/posts"}],"about":[{"href":"https:\/\/blogs.correiobraziliense.com.br\/servidor\/wp-json\/wp\/v2\/types\/post"}],"author":[{"embeddable":true,"href":"https:\/\/blogs.correiobraziliense.com.br\/servidor\/wp-json\/wp\/v2\/users\/89"}],"replies":[{"embeddable":true,"href":"https:\/\/blogs.correiobraziliense.com.br\/servidor\/wp-json\/wp\/v2\/comments?post=16717"}],"version-history":[{"count":0,"href":"https:\/\/blogs.correiobraziliense.com.br\/servidor\/wp-json\/wp\/v2\/posts\/16717\/revisions"}],"wp:attachment":[{"href":"https:\/\/blogs.correiobraziliense.com.br\/servidor\/wp-json\/wp\/v2\/media?parent=16717"}],"wp:term":[{"taxonomy":"category","embeddable":true,"href":"https:\/\/blogs.correiobraziliense.com.br\/servidor\/wp-json\/wp\/v2\/categories?post=16717"},{"taxonomy":"post_tag","embeddable":true,"href":"https:\/\/blogs.correiobraziliense.com.br\/servidor\/wp-json\/wp\/v2\/tags?post=16717"}],"curies":[{"name":"wp","href":"https:\/\/api.w.org\/{rel}","templated":true}]}}