{"id":16713,"date":"2020-06-24T12:51:02","date_gmt":"2020-06-24T15:51:02","guid":{"rendered":"http:\/\/blogs.correiobraziliense.com.br\/servidor\/?p=16713"},"modified":"2020-06-24T12:51:02","modified_gmt":"2020-06-24T15:51:02","slug":"policiais-federais-sao-contra-divisao-do-ministerio-da-justica-e-seguranca-publica","status":"publish","type":"post","link":"https:\/\/blogs.correiobraziliense.com.br\/servidor\/policiais-federais-sao-contra-divisao-do-ministerio-da-justica-e-seguranca-publica\/","title":{"rendered":"Policiais federais s\u00e3o contra divis\u00e3o do Minist\u00e9rio da Justi\u00e7a e Seguran\u00e7a  P\u00fablica"},"content":{"rendered":"<p><em><strong>Pesquisa entre os sindicalizados da Federa\u00e7\u00e3o Nacional dos Policiais Federais (Fenapef), entre os dias 10 e 22 de junho, revela que maioria n\u00e3o v\u00ea benef\u00edcios nem para a seguran\u00e7a e nem para a corpora\u00e7\u00e3o:\u00a061,65% acreditam que os custos e as dificuldades de log\u00edstica para a cria\u00e7\u00e3o do Minist\u00e9rio da Seguran\u00e7a P\u00fablica n\u00e3o compensam<\/strong><\/em><\/p>\n<p>Mais da metade dos policiais federais s\u00e3o contr\u00e1rios \u00e0 divis\u00e3o do Minist\u00e9rio da Justi\u00e7a e Seguran\u00e7a P\u00fablica. Eles acreditam que os custos seriam altos demais e que a mudan\u00e7a n\u00e3o seria suficiente para reduzir os \u00edndices de criminalidade. Tamb\u00e9m n\u00e3o creem que a cis\u00e3o fosse facilitar a constru\u00e7\u00e3o da Lei Org\u00e2nica da Pol\u00edcia Federal, emperrada h\u00e1 mais de trinta anos no Congresso Nacional.<\/p>\n<p>E duvidam que os problemas da categoria v\u00e3o diminuir caso surja uma nova pasta na Esplanada. Por\u00e9m, se o Minist\u00e9rio for mesmo dividido, a categoria espera que, ao menos, a Pol\u00edcia Federal fique sob o guarda-chuva da Justi\u00e7a e n\u00e3o da Seguran\u00e7a P\u00fablica.<\/p>\n<p>Esses s\u00e3o os resultados de uma pesquisa da Federa\u00e7\u00e3o Nacional dos Policiais Federais (Fenapef) entre os \u00faltimos dias 10 e 22. Cinco perguntas foram feitas aos associados da entidade por e-mail.<\/p>\n<p>Nada menos que 57,52% do total de votantes se manifestaram contr\u00e1rios \u00e0 divis\u00e3o da Pasta e 61,65% acreditam que os custos e as dificuldades de log\u00edstica para a cria\u00e7\u00e3o do Minist\u00e9rio da Seguran\u00e7a P\u00fablica n\u00e3o compensariam. Outros 61,87% acham que o eventual novo minist\u00e9rio n\u00e3o ajudaria a resolver nem os problemas da categoria nem reduziriam os \u00edndices de criminalidade.<\/p>\n<p>Sobre se a proposta seria \u00fatil para desemperrar a tramita\u00e7\u00e3o da Lei Org\u00e2nica da Pol\u00edcia Federal, que est\u00e1 h\u00e1 mais de trinta anos no Congresso Nacional, 56,20% dos votantes duvidam que uma pasta a mais na Esplanada possa contribuir de alguma forma.Por\u00e9m, se a ideia de retomar a formata\u00e7\u00e3o de governos anteriores vingar, os policiais federais preferem ficar sob o guarda-chuva do Minist\u00e9rio da Justi\u00e7a. Essa \u00e9 a alternativa apontada por 60,78% dos votantes.<\/p>\n<p>O presidente da Fenapef, Luis Ant\u00f4nio Boudens, disse que os resultados n\u00e3o surpreendem. Ele avaliou as opini\u00f5es como prova de maturidade da categoria em rela\u00e7\u00e3o ao tema. \u201cH\u00e1 uma preocupa\u00e7\u00e3o com a divis\u00e3o em si por conta da repercuss\u00e3o financeira e estrutural que a cria\u00e7\u00e3o de uma nova pasta demanda\u201d, observou. Ainda segundo Boudens, a defesa da manuten\u00e7\u00e3o da PF na estrutura do Minist\u00e9rio da Justi\u00e7a \u00e9 uma forma de mostrar que os federais buscam a estabilidade dos trabalhos que est\u00e3o sendo desenvolvidos.<\/p>\n","protected":false},"excerpt":{"rendered":"<p>Pesquisa entre os sindicalizados da Federa\u00e7\u00e3o Nacional dos Policiais Federais (Fenapef), entre os dias 10 e 22 de junho, revela que maioria n\u00e3o v\u00ea benef\u00edcios nem para a seguran\u00e7a e nem para a corpora\u00e7\u00e3o:\u00a061,65% acreditam que os custos e as dificuldades de log\u00edstica para a cria\u00e7\u00e3o do Minist\u00e9rio da Seguran\u00e7a P\u00fablica n\u00e3o compensam Mais da metade dos policiais federais s\u00e3o [&hellip;]<\/p>\n","protected":false},"author":89,"featured_media":0,"comment_status":"open","ping_status":"closed","sticky":false,"template":"","format":"standard","meta":{"footnotes":""},"categories":[2719],"tags":[379,693,9683,7124,1568,3192,5404,59,107,3654,6701,17077,91,8293,319,110,208],"class_list":["post-16713","post","type-post","status-publish","format-standard","hentry","category-servidor","tag-categoria","tag-congresso-nacional","tag-corporacao","tag-criminalidade","tag-custos","tag-divisao","tag-esplanada","tag-federais","tag-fenapef","tag-indices","tag-lei-organica","tag-ministerio-da-justica-e-seguranca-publica","tag-mudanca","tag-pasta","tag-pf","tag-policiais","tag-seguranca"],"_links":{"self":[{"href":"https:\/\/blogs.correiobraziliense.com.br\/servidor\/wp-json\/wp\/v2\/posts\/16713","targetHints":{"allow":["GET"]}}],"collection":[{"href":"https:\/\/blogs.correiobraziliense.com.br\/servidor\/wp-json\/wp\/v2\/posts"}],"about":[{"href":"https:\/\/blogs.correiobraziliense.com.br\/servidor\/wp-json\/wp\/v2\/types\/post"}],"author":[{"embeddable":true,"href":"https:\/\/blogs.correiobraziliense.com.br\/servidor\/wp-json\/wp\/v2\/users\/89"}],"replies":[{"embeddable":true,"href":"https:\/\/blogs.correiobraziliense.com.br\/servidor\/wp-json\/wp\/v2\/comments?post=16713"}],"version-history":[{"count":0,"href":"https:\/\/blogs.correiobraziliense.com.br\/servidor\/wp-json\/wp\/v2\/posts\/16713\/revisions"}],"wp:attachment":[{"href":"https:\/\/blogs.correiobraziliense.com.br\/servidor\/wp-json\/wp\/v2\/media?parent=16713"}],"wp:term":[{"taxonomy":"category","embeddable":true,"href":"https:\/\/blogs.correiobraziliense.com.br\/servidor\/wp-json\/wp\/v2\/categories?post=16713"},{"taxonomy":"post_tag","embeddable":true,"href":"https:\/\/blogs.correiobraziliense.com.br\/servidor\/wp-json\/wp\/v2\/tags?post=16713"}],"curies":[{"name":"wp","href":"https:\/\/api.w.org\/{rel}","templated":true}]}}