{"id":16706,"date":"2020-06-23T21:36:53","date_gmt":"2020-06-24T00:36:53","guid":{"rendered":"http:\/\/blogs.correiobraziliense.com.br\/servidor\/?p=16706"},"modified":"2020-06-23T21:36:53","modified_gmt":"2020-06-24T00:36:53","slug":"anfip-apresenta-acoes-e-projetos-da-receita-federal","status":"publish","type":"post","link":"https:\/\/blogs.correiobraziliense.com.br\/servidor\/anfip-apresenta-acoes-e-projetos-da-receita-federal\/","title":{"rendered":"Anfip apresenta a\u00e7\u00f5es e projetos da Receita Federal"},"content":{"rendered":"<p><em><strong>A pr\u00f3xima Live \u2013 S\u00e9rie Anfip (Associa\u00e7\u00e3o Nacional dos Auditores Fiscais da Receita Federal do Brasil) debate dois assuntos em destaque no atual cen\u00e1rio econ\u00f4mico: O planejamento da a\u00e7\u00e3o fiscal na Receita Federal e o Imposto de Renda \u2013 Dedu\u00e7\u00e3o para os Fundos do Idoso e da Crian\u00e7a<\/strong><\/em><\/p>\n<p>Para contribuir com os debates, foram convidados o subsecret\u00e1rio de Fiscaliza\u00e7\u00e3o da RFB, Jonathan Jos\u00e9 Formiga de Oliveira, e o superintendente adjunto da RFB 3\u00aa Regi\u00e3o Fiscal, Wilmar Teixeira de Sousa. Representando a Anfip, o presidente D\u00e9cio Bruno Lopes e os vice-presidentes Euc\u00e9lia Agrizzi Mergar (Assuntos Fiscais) e Cesar Roxo Machado (Estudos e Assuntos Tribut\u00e1rios) participam da edi\u00e7\u00e3o.<\/p>\n<p>A transmiss\u00e3o, ao vivo, acontece na quarta-feira (24\/6) a partir das 10 horas nas plataformas digitais da Anfip com media\u00e7\u00e3o do jornalista S\u00e9rgio Lerrer, da Ag\u00eancia Servidores.<\/p>\n<p>Assista aqui:<\/p>\n<p>\ud83d\udd35 Assista no Facebook Anfip \u2013 https:\/\/www.facebook.com\/anfip.nacional\/<br \/>\n\ud83d\udd35 Assista no Youtube Anfip \u2013 https:\/\/www.youtube.com\/user\/Anfipoficial<br \/>\n\ud83d\udd34 Assista no Facebook Ag\u00eancia Servidores \u2013 https:\/\/www.facebook.com\/agenciaservidores\/<br \/>\n\ud83d\udd34 Assista no Youtube Ag\u00eancia Servidores \u2013 https:\/\/www.youtube.com\/agenciaservidores<\/p>\n","protected":false},"excerpt":{"rendered":"<p>A pr\u00f3xima Live \u2013 S\u00e9rie Anfip (Associa\u00e7\u00e3o Nacional dos Auditores Fiscais da Receita Federal do Brasil) debate dois assuntos em destaque no atual cen\u00e1rio econ\u00f4mico: O planejamento da a\u00e7\u00e3o fiscal na Receita Federal e o Imposto de Renda \u2013 Dedu\u00e7\u00e3o para os Fundos do Idoso e da Crian\u00e7a Para contribuir com os debates, foram convidados o subsecret\u00e1rio de Fiscaliza\u00e7\u00e3o da [&hellip;]<\/p>\n","protected":false},"author":89,"featured_media":0,"comment_status":"open","ping_status":"closed","sticky":false,"template":"","format":"standard","meta":{"footnotes":""},"categories":[2719],"tags":[771,1426,3138,6696,2596,67,17770,355,3,6459,294],"class_list":["post-16706","post","type-post","status-publish","format-standard","hentry","category-servidor","tag-anfip","tag-cenario","tag-deducao","tag-digitais","tag-economico","tag-fiscal","tag-fundos-do-idoso-e-da-crianca","tag-imposto-de-renda","tag-planejamento","tag-plataformas","tag-receita-federal"],"_links":{"self":[{"href":"https:\/\/blogs.correiobraziliense.com.br\/servidor\/wp-json\/wp\/v2\/posts\/16706","targetHints":{"allow":["GET"]}}],"collection":[{"href":"https:\/\/blogs.correiobraziliense.com.br\/servidor\/wp-json\/wp\/v2\/posts"}],"about":[{"href":"https:\/\/blogs.correiobraziliense.com.br\/servidor\/wp-json\/wp\/v2\/types\/post"}],"author":[{"embeddable":true,"href":"https:\/\/blogs.correiobraziliense.com.br\/servidor\/wp-json\/wp\/v2\/users\/89"}],"replies":[{"embeddable":true,"href":"https:\/\/blogs.correiobraziliense.com.br\/servidor\/wp-json\/wp\/v2\/comments?post=16706"}],"version-history":[{"count":0,"href":"https:\/\/blogs.correiobraziliense.com.br\/servidor\/wp-json\/wp\/v2\/posts\/16706\/revisions"}],"wp:attachment":[{"href":"https:\/\/blogs.correiobraziliense.com.br\/servidor\/wp-json\/wp\/v2\/media?parent=16706"}],"wp:term":[{"taxonomy":"category","embeddable":true,"href":"https:\/\/blogs.correiobraziliense.com.br\/servidor\/wp-json\/wp\/v2\/categories?post=16706"},{"taxonomy":"post_tag","embeddable":true,"href":"https:\/\/blogs.correiobraziliense.com.br\/servidor\/wp-json\/wp\/v2\/tags?post=16706"}],"curies":[{"name":"wp","href":"https:\/\/api.w.org\/{rel}","templated":true}]}}