{"id":16701,"date":"2020-06-23T20:49:11","date_gmt":"2020-06-23T23:49:11","guid":{"rendered":"http:\/\/blogs.correiobraziliense.com.br\/servidor\/?p=16701"},"modified":"2020-06-23T20:49:11","modified_gmt":"2020-06-23T23:49:11","slug":"justica-do-trabalho-palestra-on-line-sobre-audiencia-telepresencial-acessivel","status":"publish","type":"post","link":"https:\/\/blogs.correiobraziliense.com.br\/servidor\/justica-do-trabalho-palestra-on-line-sobre-audiencia-telepresencial-acessivel\/","title":{"rendered":"Justi\u00e7a do Trabalho &#8211; Palestra online sobre Audi\u00eancia Telepresencial Acess\u00edvel"},"content":{"rendered":"<p><em><strong>O evento \u00e0 dist\u00e2ncia \u00e9 para magistrados, servidores, advogados e estudantes de direito que s\u00e3o deficientes visuais<\/strong><\/em><\/p>\n<p>A Justi\u00e7a do Trabalho far\u00e1, na sexta-feira (26), \u00e0s 14 horas, a palestra \u201cAudi\u00eancia Telepresencial Acess\u00edvel\u201d. As vagas s\u00e3o limitadas e as inscri\u00e7\u00f5es podem ser feitas por telefone (67) 3316-1891 ou pelo preenchimento de formul\u00e1rio online. Na data e hora do evento, os inscritos dever\u00e3o entrar na plataforma.<\/p>\n<p><strong>Acessibilidade<\/strong><\/p>\n<p>O objetivo da palestra \u00e9 apresentar aos participantes a plataforma de audi\u00eancia telepresencial \u201cCisco Webex\u201d e suas funcionalidades. Tamb\u00e9m haver\u00e1 orienta\u00e7\u00e3o sobre a utiliza\u00e7\u00e3o da plataforma de maneira acess\u00edvel, para minimizar o impacto causado pela pandemia da Covid-19 nas atividades judiciais de deficientes visuais.<\/p>\n<p>A palestra abordar\u00e1 os seguintes t\u00f3picos: navegadores; meios de acesso; acess\u00f3rios necess\u00e1rios; ferramentas da plataforma dispon\u00edvel aos advogados; descri\u00e7\u00e3o visual do ambiente de audi\u00eancia telepresencial; ferramentas de acessibilidade; leitor NVDA; e configura\u00e7\u00f5es necess\u00e1rias para comunica\u00e7\u00e3o sem ru\u00eddos.<\/p>\n<p>O tema ser\u00e1 ministrado pela ju\u00edza do Trabalho D\u00e9a Marisa Brand\u00e3o Cubel Yule (que atualmente ocupa a posi\u00e7\u00e3o de presidente substituta da Comiss\u00e3o Permanente de Acessibilidade e Inclus\u00e3o do TRT da 24\u00aa Regi\u00e3o &#8211; MS) e por Silvio Henrique Lemos, analista judici\u00e1rio do mesmo TRT.<\/p>\n<p>D\u00favidas podem ser esclarecidas pelo e-mail para ead@csjt.jus.br.<\/p>\n","protected":false},"excerpt":{"rendered":"<p>O evento \u00e0 dist\u00e2ncia \u00e9 para magistrados, servidores, advogados e estudantes de direito que s\u00e3o deficientes visuais A Justi\u00e7a do Trabalho far\u00e1, na sexta-feira (26), \u00e0s 14 horas, a palestra \u201cAudi\u00eancia Telepresencial Acess\u00edvel\u201d. As vagas s\u00e3o limitadas e as inscri\u00e7\u00f5es podem ser feitas por telefone (67) 3316-1891 ou pelo preenchimento de formul\u00e1rio online. Na data e hora do evento, os [&hellip;]<\/p>\n","protected":false},"author":89,"featured_media":0,"comment_status":"open","ping_status":"closed","sticky":false,"template":"","format":"standard","meta":{"footnotes":""},"categories":[2719],"tags":[265,463,17768,17256,4505,116,1163,11366,833,2086,697,621,4658,7751,3864,58,11330],"class_list":["post-16701","post","type-post","status-publish","format-standard","hentry","category-servidor","tag-advogados","tag-atividades","tag-audiencia-telepresencial-acessivel","tag-covid-19","tag-deficientes","tag-direito","tag-estudantes","tag-funcionalidades","tag-impacto","tag-judiciais","tag-justica-do-trabalho","tag-magistrados","tag-online","tag-palestra","tag-plataforma","tag-servidores","tag-visuais"],"_links":{"self":[{"href":"https:\/\/blogs.correiobraziliense.com.br\/servidor\/wp-json\/wp\/v2\/posts\/16701","targetHints":{"allow":["GET"]}}],"collection":[{"href":"https:\/\/blogs.correiobraziliense.com.br\/servidor\/wp-json\/wp\/v2\/posts"}],"about":[{"href":"https:\/\/blogs.correiobraziliense.com.br\/servidor\/wp-json\/wp\/v2\/types\/post"}],"author":[{"embeddable":true,"href":"https:\/\/blogs.correiobraziliense.com.br\/servidor\/wp-json\/wp\/v2\/users\/89"}],"replies":[{"embeddable":true,"href":"https:\/\/blogs.correiobraziliense.com.br\/servidor\/wp-json\/wp\/v2\/comments?post=16701"}],"version-history":[{"count":0,"href":"https:\/\/blogs.correiobraziliense.com.br\/servidor\/wp-json\/wp\/v2\/posts\/16701\/revisions"}],"wp:attachment":[{"href":"https:\/\/blogs.correiobraziliense.com.br\/servidor\/wp-json\/wp\/v2\/media?parent=16701"}],"wp:term":[{"taxonomy":"category","embeddable":true,"href":"https:\/\/blogs.correiobraziliense.com.br\/servidor\/wp-json\/wp\/v2\/categories?post=16701"},{"taxonomy":"post_tag","embeddable":true,"href":"https:\/\/blogs.correiobraziliense.com.br\/servidor\/wp-json\/wp\/v2\/tags?post=16701"}],"curies":[{"name":"wp","href":"https:\/\/api.w.org\/{rel}","templated":true}]}}